{"id":6858,"date":"2020-05-12T17:10:56","date_gmt":"2020-05-12T20:10:56","guid":{"rendered":"http:\/\/legacy.anacouto.com.br\/?p=6858"},"modified":"2024-07-03T15:40:56","modified_gmt":"2024-07-03T18:40:56","slug":"o-futuro-da-educacao-e-os-percursos-do-mercado-financeiro","status":"publish","type":"post","link":"https:\/\/anacouto.com.br\/en\/artigos\/2020\/05\/12\/o-futuro-da-educacao-e-os-percursos-do-mercado-financeiro\/","title":{"rendered":"O futuro da educa\u00e7\u00e3o e os percursos do mercado financeiro"},"content":{"rendered":"<p><em>Fernando Chacon, nosso convidado para conversa desta semana sobre constru\u00e7\u00e3o de valor, une dois t\u00f3picos de muito interesse nesse ponto de virada da humanidade<\/em><\/p>\n<p>O setor de investimentos e os caminhos da aprendizagem est\u00e3o no centro das preocupa\u00e7\u00f5es coletivas do momento que estamos atravessando enquanto humanidade. Para continuarmos refletindo sobre constru\u00e7\u00e3o de valor, Ana Couto conversou com <a href=\"http:\/\/www.linkedin.com\/in\/fernando-chacon-9078758\/\">Fernando Chacon<\/a>, que atuou pelo Ita\u00fa por muitos anos e hoje se dedica \u00e0 Tech4Kids, em uma plataforma digital focada em trazer o pensamento digital para crian\u00e7as de escola p\u00fablica desde os prim\u00f3rdios de sua forma\u00e7\u00e3o.<\/p>\n<p>Passamos por pontos interessantes sobre consist\u00eancia das Marcas, as perspectivas do contexto brasileiro e sobre quais s\u00e3o as mudan\u00e7as que vieram para ficar. Aqui est\u00e3o alguns deles:<\/p>\n<h3><strong>1) Marcas ic\u00f4nicas, prop\u00f3sito e consist\u00eancia<\/strong><\/h3>\n<p>Valor se constr\u00f3i com disciplina e consist\u00eancia. Afinal,Marcas n\u00e3o se tornam ic\u00f4nicas &#8211; aquelas que s\u00e3o refer\u00eancia para todo o mercado &#8211; da noite para o dia. O percurso at\u00e9 l\u00e1 apresenta grandes desafios, especialmente no cen\u00e1rio digital, com tanta exposi\u00e7\u00e3o e quando s\u00e3o in\u00fameras as narrativas produzidas. \u00c9 preciso ter clareza do Prop\u00f3sito e coer\u00eancia de comportamentos. Autenticidade e transpar\u00eancia nunca foram t\u00e3o determinantes.<\/p>\n<p>Chacon citou como exemplo de Marcas brasileiras com percursos consistentes o Ita\u00fa, O Botic\u00e1rio, Natura e Porto Seguro. Para ele, essas caracter\u00edsticas t\u00eam que se refletir nas atitudes e valores da organiza\u00e7\u00e3o, como pilares da Marca e comportamentos dos executivos. Ao comparar o momento de profunda reflex\u00e3o com as resolu\u00e7\u00f5es que costumamos fazer na virada de ano, Fernando disse que este \u00e9 um momento em que as organiza\u00e7\u00f5es precisam ouvir, entender e atuar na resolu\u00e7\u00e3o dos problemas detectados. Se iremos manter as mudan\u00e7as de comportamento, isso s\u00f3 o tempo dir\u00e1.<\/p>\n<h3><strong>2) O crescimento exponencial e a quest\u00e3o da sustentabilidade<\/strong><\/h3>\n<p>Estamos nos dando conta de que n\u00e3o \u00e9 mais poss\u00edvel \u201ccrescer a qualquer custo\u201d. Os impactos sociais, ambientais e culturais devem ser parte da equa\u00e7\u00e3o em tudo que fazemos. Para Chacon, o tema do ESG (que mede sustentabilidade e impacto social dos investimentos de uma empresa ou neg\u00f3cio) e o alinhamento com os 17 Objetivos de Desenvolvimento Sustent\u00e1vel da ONU j\u00e1 n\u00e3o s\u00e3o poss\u00edveis de se ignorar.<\/p>\n<p>Tanto para startups no setor financeiro, quanto para o mercado de investimentos brasileiro, mais conservador, o objetivo ainda \u00e9 o crescimento exponencial e a busca para conquistar cabe\u00e7a, cora\u00e7\u00e3o e bolso dos brasileiros.<\/p>\n<p>Mas, tamb\u00e9m teremos grande mudan\u00e7as. Precisamos de uma nova economia que construa valor para o planeta. Existe um falso dilema entre as perspectivas de sustentabilidade e crescimento. Como apontou nosso convidado, este \u00e9 o momento de reavaliar o modelo capitalista de busca pelo crescimento constante que n\u00e3o \u00e9 necessariamente sustent\u00e1vel. Ainda n\u00e3o sabemos o que vai acontecer, mas certamente precisaremos nos debru\u00e7ar sobre essa quest\u00e3o.<\/p>\n<h3>3) Educa\u00e7\u00e3o, adaptabilidade e novas formas de trabalho<\/h3>\n<p>Na educa\u00e7\u00e3o, a tecnologia tem aberto espa\u00e7o para experi\u00eancias de aprendizagem relevantes, que preparam estudantes e professores para lidarem com as reais quest\u00f5es que v\u00e3o conduzir os pr\u00f3ximos passos da humanidade. Al\u00e9m disso, est\u00e1 evidente o abismo entre aqueles que t\u00eam e os que n\u00e3o t\u00eam acesso \u00e0 tecnologia. Precisamos de solu\u00e7\u00f5es que diminuam este gap na educa\u00e7\u00e3o brasileira e no sistema de educa\u00e7\u00e3o como um todo, ainda preso a problemas do s\u00e9culo 20.<\/p>\n<p>Se entendemos que Marcas ic\u00f4nicas constroem valor, qual o papel delas em um contexto t\u00e3o imprevis\u00edvel e de t\u00e3o pouca visibilidade?\u00a0O mercado financeiro e o da educa\u00e7\u00e3o, ambos v\u00eam se transformando intensamente, acelerando mudan\u00e7as que j\u00e1 vinham se encaminhando. Neste ponto de virada para a humanidade, como esses segmentos podem criar valor no mundo? Qual a educa\u00e7\u00e3o que formar\u00e1 a pr\u00f3xima gera\u00e7\u00e3o?<\/p>\n<p>Este \u00e9 o momento de nos fazermos perguntas, refletirmos e, acima de tudo, agirmos diferente. Que nossos neg\u00f3cios e a trajet\u00f3ria de nossas Marcas possam permanecer como legado positivo e impactante desse contexto desafiador.<\/p>\n<p><iframe src=\"http:\/\/www.youtube.com\/embed\/dpS8eY-EifI\" width=\"560\" height=\"315\" frameborder=\"0\" allowfullscreen=\"allowfullscreen\"><\/iframe><\/p>","protected":false},"excerpt":{"rendered":"<p>O setor de investimentos e os caminhos da aprendizagem est\u00e3o no centro das preocupa\u00e7\u00f5es coletivas do momento que estamos atravessando enquanto humanidade.<\/p>","protected":false},"author":2,"featured_media":0,"comment_status":"closed","ping_status":"closed","sticky":false,"template":"","format":"standard","meta":{"footnotes":""},"categories":[7],"tags":[],"class_list":["post-6858","post","type-post","status-publish","format-standard","hentry","category-artigos"],"_links":{"self":[{"href":"https:\/\/anacouto.com.br\/en\/wp-json\/wp\/v2\/posts\/6858","targetHints":{"allow":["GET"]}}],"collection":[{"href":"https:\/\/anacouto.com.br\/en\/wp-json\/wp\/v2\/posts"}],"about":[{"href":"https:\/\/anacouto.com.br\/en\/wp-json\/wp\/v2\/types\/post"}],"author":[{"embeddable":true,"href":"https:\/\/anacouto.com.br\/en\/wp-json\/wp\/v2\/users\/2"}],"replies":[{"embeddable":true,"href":"https:\/\/anacouto.com.br\/en\/wp-json\/wp\/v2\/comments?post=6858"}],"version-history":[{"count":1,"href":"https:\/\/anacouto.com.br\/en\/wp-json\/wp\/v2\/posts\/6858\/revisions"}],"predecessor-version":[{"id":14858,"href":"https:\/\/anacouto.com.br\/en\/wp-json\/wp\/v2\/posts\/6858\/revisions\/14858"}],"wp:attachment":[{"href":"https:\/\/anacouto.com.br\/en\/wp-json\/wp\/v2\/media?parent=6858"}],"wp:term":[{"taxonomy":"category","embeddable":true,"href":"https:\/\/anacouto.com.br\/en\/wp-json\/wp\/v2\/categories?post=6858"},{"taxonomy":"post_tag","embeddable":true,"href":"https:\/\/anacouto.com.br\/en\/wp-json\/wp\/v2\/tags?post=6858"}],"curies":[{"name":"wp","href":"https:\/\/api.w.org\/{rel}","templated":true}]}}