{"id":6684,"date":"2020-04-02T16:44:43","date_gmt":"2020-04-02T19:44:43","guid":{"rendered":"http:\/\/legacy.anacouto.com.br\/?p=6684"},"modified":"2024-07-04T09:48:31","modified_gmt":"2024-07-04T12:48:31","slug":"4-premissas-para-o-mundo-vuca-que-vivemos-hoje","status":"publish","type":"post","link":"https:\/\/anacouto.com.br\/en\/artigos\/2020\/04\/02\/4-premissas-para-o-mundo-vuca-que-vivemos-hoje\/","title":{"rendered":"4 Premissas para o mundo VUCA que vivemos hoje"},"content":{"rendered":"<h3>Estamos todos juntos, mesmo isolados.<\/h3>\n<p>Pela primeira vez na nossa hist\u00f3ria recente, estamos vivendo um problema global, que nos afeta nos mais diversos n\u00edveis. Profissionalmente, estamos aprendendo o que significa ter uma opera\u00e7\u00e3o completa no virtual e, pessoalmente, precisamos gerenciar vida pessoal, demandas do trabalho e cuidados gerais recomendados \u00e0 popula\u00e7\u00e3o. Claro, h\u00e1 tamb\u00e9m quem segue a vida \u201cnormal\u201d, com mais aten\u00e7\u00e3o e restri\u00e7\u00f5es.<\/p>\n<p>Se isso \u00e9 verdade para pessoas, \u00e9 tamb\u00e9m a realidade de Marcas e organiza\u00e7\u00f5es.<\/p>\n<p>Nas \u00faltimas semanas, temos visto uma s\u00e9rie de iniciativas e movimentos que colocam \u00e0 prova a adaptabilidade como uma caracter\u00edstica fundamental dessa nova d\u00e9cada \u2013 assim como tem falado nossa parceira Andrea Jan\u00e9r, da <a href=\"http:\/\/www.instagram.com\/oxygen.brasil\/\">Oxygen<\/a>, em suas lives di\u00e1rias no Instagram.<\/p>\n<p>O primeiro momento \u00e9 de apreens\u00e3o. O que fazer agora? Uma dica: fa\u00e7a algo e fa\u00e7a agora. Mas n\u00e3o de qualquer jeito, nem a qualquer custo.<\/p>\n<p>No contexto, \u00e9 preciso atuar sob algumas premissas, que j\u00e1 passam a fazer parte das regras do jogo. Aqui, levantamos algumas delas.<\/p>\n<h4><strong>A lideran\u00e7a precisa se colocar de forma mais ativa para solucionar problemas<\/strong><\/h4>\n<p>Nas organiza\u00e7\u00f5es, diversas empresas criaram suas pr\u00f3prias formas de migrar a opera\u00e7\u00e3o para o virtual. Em diversos casos, forneceram ferramentas de trabalho, contrataram softwares e mudaram a rotina para se adaptarem \u00e0 nova realidade. Treinamentos, reuni\u00f5es e alinhamentos foram revistos para gerar mais engajamento, retorno e construir uma rela\u00e7\u00e3o de confian\u00e7a entre times e l\u00edderes.<\/p>\n<p>&nbsp;<\/p>\n<h4><strong>Vis\u00e3o de curto prazo<\/strong><\/h4>\n<p>Estamos acostumados a fazer planos para daqui a cinco anos. Claro, eles s\u00e3o importantes, continuam v\u00e1lidos, mas nosso foco deve ser no amanh\u00e3, na semana que vem. Se o mundo VUCA soava quase como um modelo te\u00f3rico, hoje vivemos ele na pele e precisamos estar aptos para atuar e nos posicionarmos em um mundo vol\u00e1til, incerto, complexo e amb\u00edguo.<\/p>\n<p>&nbsp;<\/p>\n<h4><strong>Comunica\u00e7\u00e3o relevante<\/strong><\/h4>\n<p>Se, por um lado, estamos isolados, por outro, nunca tivemos tantas ferramentas para nos conectar. E isso tem um custo muito grande. S\u00e3o muitas informa\u00e7\u00f5es, sugest\u00f5es, dicas, not\u00edcias. O ponto \u00e9 que, em primeiro lugar, informa\u00e7\u00e3o em excesso vira ru\u00eddo. Em segundo, seu usu\u00e1rio e seu time precisam de comunica\u00e7\u00e3o relevante, que vai fazer diferen\u00e7a nas suas vidas. O mesmo vale para Marcas. Se n\u00e3o for para falar algo relevante, que construa valor para a sua Marca e para o mundo, \u00e9 melhor n\u00e3o falar. E, principalmente, mais do que s\u00f3 falar, \u00e9 importante implementar, fazer, tomar a frente e inspirar as pessoas para transformarem o mundo.<\/p>\n<p>&nbsp;<\/p>\n<h4><strong>Oportunidade, oportunismo e prop\u00f3sito<\/strong><\/h4>\n<p>Sim, \u00e9 fundamental entender realmente a diferen\u00e7a entre oportunidade e oportunismo \u2013 pessoas e Marcas ser\u00e3o cobradas por saberem essa diferen\u00e7a \u2013 e vislumbrar que toda crise \u00e9 tamb\u00e9m uma oportunidade. Mas precisamos ir al\u00e9m disso. Oportunidade se constr\u00f3i com a\u00e7\u00f5es reais, separando o que deve ficar e o que deve ir embora depois dessa crise, pois sabemos que n\u00e3o seremos os mesmos, nem os nossos neg\u00f3cios. A oportunidade real \u00e9 colocar o seu prop\u00f3sito \u2013 o seu talento, a sua maior voca\u00e7\u00e3o, a servi\u00e7o de um impacto positivo no mundo \u2013 em a\u00e7\u00e3o. O seu prop\u00f3sito deve ser propositivo. Este \u00e9 o primeiro passo para Marcas e organiza\u00e7\u00f5es atuarem de forma genu\u00edna, gerando valor para seus neg\u00f3cios, para seus p\u00fablicos e para o ecossistema. Falaremos mais sobre isso em um outro artigo.<\/p>\n<p>Por ora, cuidem-se, lavem as m\u00e3os, se puderem fiquem em casa e tenham calma, que daqui a pouco passa.<\/p>","protected":false},"excerpt":{"rendered":"<p>Pela primeira vez na nossa hist\u00f3ria recente, estamos vivendo um problema global, que nos afeta nos mais diversos n\u00edveis. Profissionalmente, estamos aprendendo o que significa ter uma opera\u00e7\u00e3o completa no virtual e, pessoalmente, precisamos gerenciar vida pessoal, demandas do trabalho e cuidados gerais recomendados \u00e0 popula\u00e7\u00e3o.<\/p>","protected":false},"author":2,"featured_media":0,"comment_status":"closed","ping_status":"closed","sticky":false,"template":"","format":"standard","meta":{"footnotes":""},"categories":[7],"tags":[60,51,113],"class_list":["post-6684","post","type-post","status-publish","format-standard","hentry","category-artigos","tag-comunicacao","tag-inovacao","tag-vuca"],"_links":{"self":[{"href":"https:\/\/anacouto.com.br\/en\/wp-json\/wp\/v2\/posts\/6684","targetHints":{"allow":["GET"]}}],"collection":[{"href":"https:\/\/anacouto.com.br\/en\/wp-json\/wp\/v2\/posts"}],"about":[{"href":"https:\/\/anacouto.com.br\/en\/wp-json\/wp\/v2\/types\/post"}],"author":[{"embeddable":true,"href":"https:\/\/anacouto.com.br\/en\/wp-json\/wp\/v2\/users\/2"}],"replies":[{"embeddable":true,"href":"https:\/\/anacouto.com.br\/en\/wp-json\/wp\/v2\/comments?post=6684"}],"version-history":[{"count":1,"href":"https:\/\/anacouto.com.br\/en\/wp-json\/wp\/v2\/posts\/6684\/revisions"}],"predecessor-version":[{"id":14863,"href":"https:\/\/anacouto.com.br\/en\/wp-json\/wp\/v2\/posts\/6684\/revisions\/14863"}],"wp:attachment":[{"href":"https:\/\/anacouto.com.br\/en\/wp-json\/wp\/v2\/media?parent=6684"}],"wp:term":[{"taxonomy":"category","embeddable":true,"href":"https:\/\/anacouto.com.br\/en\/wp-json\/wp\/v2\/categories?post=6684"},{"taxonomy":"post_tag","embeddable":true,"href":"https:\/\/anacouto.com.br\/en\/wp-json\/wp\/v2\/tags?post=6684"}],"curies":[{"name":"wp","href":"https:\/\/api.w.org\/{rel}","templated":true}]}}