{"id":3669,"date":"2017-05-15T09:12:41","date_gmt":"2017-05-15T12:12:41","guid":{"rendered":"http:\/\/legacy.anacouto.com.br\/?p=184"},"modified":"2024-07-12T08:08:19","modified_gmt":"2024-07-12T11:08:19","slug":"marcas-e-proposito-uma-relacao-sem-volta","status":"publish","type":"post","link":"https:\/\/anacouto.com.br\/en\/artigos\/2017\/05\/15\/marcas-e-proposito-uma-relacao-sem-volta\/","title":{"rendered":"MARCAS E PROP\u00d3SITO: UMA RELA\u00c7\u00c3O SEM VOLTA"},"content":{"rendered":"<p>O Festival Path deste ano estava cheio de atra\u00e7\u00f5es de peso. Dentre os assuntos principais, a busca por prop\u00f3sito, a diversidade e a rela\u00e7\u00e3o entre seres humanos e m\u00e1quinas foram os que mais se destacaram.<\/p>\n<p>Prop\u00f3sito tem sido um tema muito falado nos \u00faltimos anos e o Festival Path deixou isso bem claro ao convidar o mestre espiritual Sri Prem Baba. No livro \u201cProp\u00f3sito, A Coragem de Ser Quem Somos\u201d, Prem Baba aborda um dos temas que toca aos anseios mais \u00edntimos do ser humano: para que nascemos. Para ele, \u201cse n\u00e3o estamos seguindo o programa da nossa alma, n\u00e3o importa o tamanho do sucesso que conquistamos no mundo, seguimos carregando uma ang\u00fastia\u201d.<\/p>\n<p>Essa atitude perante o mundo fica muito clara na famosa gera\u00e7\u00e3o Y (ou os millennials), aqueles que nasceram de 1982-1999. Muito estudada e criticada \u2013 chamada por vezes de pregui\u00e7osa, imediatista e autoindulgente \u2013, a gera\u00e7\u00e3o dos millennials busca uma rela\u00e7\u00e3o com o mundo diferente da anterior.<\/p>\n<p>Para Nigel Miller, co-chair da Europe CIS Employee Engagement e diretor global de Talent Engagement da Edelman, os millennials querem trabalhar para uma companhia que fa\u00e7a uma diferen\u00e7a positiva. Os jovens adultos de hoje tendem a ter experi\u00eancias que contribuam positivamente com o tempo que vivem e esperam que seus empregadores gerem algo al\u00e9m do lucro.<\/p>\n<p>Assim, articular um prop\u00f3sito claro torna-se fundamental para estabelecer desde uma cultura corporativa \u2013 onde essa gera\u00e7\u00e3o vai ingressar \u2013 at\u00e9 uma rela\u00e7\u00e3o mais transparente com as Marcas \u2013 outras empresas que tamb\u00e9m dever\u00e3o causar um impacto positivo.<\/p>\n<p>E n\u00e3o \u00e9 \u00e0 toa que esse tema est\u00e1 t\u00e3o em voga. Hoje, a gera\u00e7\u00e3o millennial nos Estados Unidos representa 80 milh\u00f5es de pessoas, quase um quarto de toda a popula\u00e7\u00e3o, com um poder de compra equivalente a US$ 200 bilh\u00f5es. No Brasil, sua participa\u00e7\u00e3o \u00e9 um pouco maior, atingindo 30% da popula\u00e7\u00e3o que, at\u00e9 2025, vai representar 75% da for\u00e7a de trabalho.<\/p>\n<p>Um elemento cada vez mais forte no comportamento desse grupo \u00e9 a busca de engajamento com propostas e causas que tenham a ver com suas expectativas e vis\u00e3o sobre a vida. No ano passado, <a href=\"http:\/\/legacy.anacouto.com.br\/tip\/\" target=\"_blank\" rel=\"noopener\">apresentamos no Path um estudo<\/a> que j\u00e1 apontava como isso se reflete nos h\u00e1bitos de compra dessa gera\u00e7\u00e3o e na rela\u00e7\u00e3o que ela tem com Marcas. Mas o que ficou evidente nesta edi\u00e7\u00e3o \u00e9 como as gera\u00e7\u00f5es seguintes levam isso ainda mais a s\u00e9rio.<\/p>\n<p>No painel \u201c<a href=\"http:\/\/www.festivalpath.com.br\/agenda\/#palestras-influenciadores-infantis-no-youtube-oportunidades-limites-e-riscos\" target=\"_blank\" rel=\"noopener\">Influenciadores infantis no YouTube: oportunidades, limites e riscos<\/a>\u201d, liderado pela pesquisadora do ESPM Media Lab, Luciana Correa, foi apresentado o cen\u00e1rio de consumo e produ\u00e7\u00e3o infantil no YouTube. Tamb\u00e9m participaram do painel o advogado Marcos Mota, a influenciadora mirim Valentina Schulz e a publicit\u00e1ria e m\u00e3e de Valentina, Daniela Schmitz.<\/p>\n<p>Al\u00e9m de apresentar sua <a href=\"http:\/\/pesquisasmedialab.espm.br\/?s=Luciana+Corr\u00eaa\" target=\"_blank\" rel=\"noopener\">pesquisa<\/a>, que aponta as categorias de maior sucesso e crescimento no YouTube do Brasil, Luciana discutiu a presen\u00e7a das Marcas junto a esse p\u00fablico. O que chamou a aten\u00e7\u00e3o foram os depoimentos de Valentina sobre essa rela\u00e7\u00e3o. Para a jovem de 13 anos, fica claro quando apresentam em um v\u00eddeo um produto de alguma Marca em uma tentativa de publicidade velada. Para ela, essa forma de se relacionar com Marcas j\u00e1 \u00e9 algo do passado e \u00e9 muito mais interessante quando a a\u00e7\u00e3o \u00e9 genu\u00edna por parte do apresentador, ou seja, quando h\u00e1 uma identifica\u00e7\u00e3o com a Marca e com as causas que ela apoia.<\/p>\n<p>Depois de passar os \u00faltimos anos pesquisando sobre a rela\u00e7\u00e3o entre Marcas e prop\u00f3sito, n\u00f3s da Ana Couto Branding acreditamos que essa evolu\u00e7\u00e3o do papel das Marcas na sociedade n\u00e3o tem mais volta. Aquelas puramente focadas na venda de um produto\/servi\u00e7o, com foco apenas em resultado financeiro, ser\u00e3o cada vez mais percebidas pelas novas gera\u00e7\u00f5es como comoditizadas. E, assim, para navegar neste cen\u00e1rio do s\u00e9culo XXI, \u00e9 preciso evoluir como neg\u00f3cio e Marca em busca de um prop\u00f3sito genu\u00edno.<\/p>\n<p><em>Artigo por <a href=\"http:\/\/www.linkedin.com\/in\/julia-resende\/\" target=\"_blank\" rel=\"noopener\">Julia Resende<\/a><\/em><\/p>","protected":false},"excerpt":{"rendered":"<p>O Festival Path deste ano estava cheio de atra\u00e7\u00f5es de peso. Dentre os assuntos principais, a busca por prop\u00f3sito, a diversidade e a rela\u00e7\u00e3o entre seres humanos e m\u00e1quinas foram os que mais se destacaram. Prop\u00f3sito tem sido um tema muito falado nos \u00faltimos anos e o Festival Path deixou isso bem claro ao convidar [&hellip;]<\/p>\n","protected":false},"author":2,"featured_media":0,"comment_status":"closed","ping_status":"closed","sticky":false,"template":"","format":"standard","meta":{"footnotes":""},"categories":[7],"tags":[],"class_list":["post-3669","post","type-post","status-publish","format-standard","hentry","category-artigos"],"_links":{"self":[{"href":"https:\/\/anacouto.com.br\/en\/wp-json\/wp\/v2\/posts\/3669","targetHints":{"allow":["GET"]}}],"collection":[{"href":"https:\/\/anacouto.com.br\/en\/wp-json\/wp\/v2\/posts"}],"about":[{"href":"https:\/\/anacouto.com.br\/en\/wp-json\/wp\/v2\/types\/post"}],"author":[{"embeddable":true,"href":"https:\/\/anacouto.com.br\/en\/wp-json\/wp\/v2\/users\/2"}],"replies":[{"embeddable":true,"href":"https:\/\/anacouto.com.br\/en\/wp-json\/wp\/v2\/comments?post=3669"}],"version-history":[{"count":1,"href":"https:\/\/anacouto.com.br\/en\/wp-json\/wp\/v2\/posts\/3669\/revisions"}],"predecessor-version":[{"id":15054,"href":"https:\/\/anacouto.com.br\/en\/wp-json\/wp\/v2\/posts\/3669\/revisions\/15054"}],"wp:attachment":[{"href":"https:\/\/anacouto.com.br\/en\/wp-json\/wp\/v2\/media?parent=3669"}],"wp:term":[{"taxonomy":"category","embeddable":true,"href":"https:\/\/anacouto.com.br\/en\/wp-json\/wp\/v2\/categories?post=3669"},{"taxonomy":"post_tag","embeddable":true,"href":"https:\/\/anacouto.com.br\/en\/wp-json\/wp\/v2\/tags?post=3669"}],"curies":[{"name":"wp","href":"https:\/\/api.w.org\/{rel}","templated":true}]}}