{"id":20936,"date":"2026-01-25T16:45:27","date_gmt":"2026-01-25T19:45:27","guid":{"rendered":"https:\/\/anacouto.com.br\/?p=20936"},"modified":"2026-01-25T16:55:30","modified_gmt":"2026-01-25T19:55:30","slug":"ma-como-integrar-branding-e-comunicacao-em-fusoes-e-aquisicoes","status":"publish","type":"post","link":"https:\/\/anacouto.com.br\/en\/artigos\/2026\/01\/25\/ma-como-integrar-branding-e-comunicacao-em-fusoes-e-aquisicoes\/","title":{"rendered":"M&amp;A: como integrar branding e comunica\u00e7\u00e3o em fus\u00f5es e aquisi\u00e7\u00f5es"},"content":{"rendered":"<h3 class=\"wp-block-heading\"><em>Entenda a import\u00e2ncia de integrar branding e comunica\u00e7\u00e3o em processos de M&amp;A para reduzir riscos, gerar valor de marca e acelerar resultados<\/em><\/h3>\n\n\n\n<div style=\"height:50px\" aria-hidden=\"true\" class=\"wp-block-spacer\"><\/div>\n\n\n\n<p>O processo de <strong>fus\u00f5es e aquisi\u00e7\u00f5es<\/strong> (M&amp;A) envolve muito mais do que apenas a uni\u00e3o de duas empresas: \u00e9 uma reconfigura\u00e7\u00e3o estrat\u00e9gica que, quando bem gerida, pode gerar grande <strong>valor de marca<\/strong>. Durante esse processo, a integra\u00e7\u00e3o de <strong>branding<\/strong> e <strong>comunica\u00e7\u00e3o<\/strong> \u00e9 fundamental para garantir que as marcas envolvidas se alinhem de maneira coesa e eficaz. A forma como as marcas se comunicam, tanto internamente com seus colaboradores quanto externamente com seus consumidores, pode ser o fator determinante para o sucesso ou fracasso da opera\u00e7\u00e3o.<\/p>\n\n\n\n<p>Ao integrar duas empresas, a maneira como as marcas s\u00e3o fundidas, mantidas ou reestruturadas impacta diretamente a percep\u00e7\u00e3o do p\u00fablico e a rela\u00e7\u00e3o com os consumidores. Neste artigo, vamos explorar como uma estrat\u00e9gia de <strong>branding<\/strong> bem definida pode facilitar o processo de <strong>M&amp;A<\/strong>, reduzindo riscos, preservando o valor da marca e acelerando os resultados desejados. Vamos analisar os principais aspectos do <strong>branding<\/strong> durante fus\u00f5es e aquisi\u00e7\u00f5es e como a <strong>comunica\u00e7\u00e3o <\/strong>eficaz pode ser a chave para uma <strong>integra\u00e7\u00e3o de marcas<\/strong> bem-sucedida.<\/p>\n\n\n\n<div style=\"height:50px\" aria-hidden=\"true\" class=\"wp-block-spacer\"><\/div>\n\n\n\n<h2 class=\"wp-block-heading\"><strong>O que \u00e9 M&amp;A e por que branding \u00e9 o primeiro passo<\/strong><\/h2>\n\n\n\n<div style=\"height:20px\" aria-hidden=\"true\" class=\"wp-block-spacer\"><\/div>\n\n\n\n<h3 class=\"wp-block-heading\"><strong>Conceito de fus\u00e3o e aquisi\u00e7\u00e3o<\/strong><\/h3>\n\n\n\n<p>M&amp;A (Fus\u00f5es e Aquisi\u00e7\u00f5es) refere-se a processos empresariais que envolvem a integra\u00e7\u00e3o de duas ou mais empresas, com o objetivo de ampliar opera\u00e7\u00f5es, aumentar o valor no mercado ou conquistar novos segmentos. Fus\u00f5es acontecem quando duas empresas se combinam para formar uma \u00fanica entidade, enquanto aquisi\u00e7\u00f5es ocorrem quando uma empresa compra outra.<\/p>\n\n\n\n<div style=\"height:30px\" aria-hidden=\"true\" class=\"wp-block-spacer\"><\/div>\n\n\n\n<h3 class=\"wp-block-heading\"><strong>Impacto do M&amp;A na marca<\/strong><\/h3>\n\n\n\n<p>Quando uma fus\u00e3o ou aquisi\u00e7\u00e3o ocorre, o impacto na marca pode ser significativo. A forma como as identidades das organiza\u00e7\u00f5es envolvidas s\u00e3o integradas ou reestruturadas afetar\u00e1 diretamente a percep\u00e7\u00e3o dos consumidores e a lealdade \u00e0 marca. \u00c9 crucial que o <strong>branding<\/strong> seja considerado de forma estrat\u00e9gica durante o processo de <strong>M&amp;A<\/strong>: \u00e9 a disciplina que vai realinhar o que a organiza\u00e7\u00e3o <strong>\u00e9, faz e fala<\/strong>, potencializando o seu valor no mercado e, ao mesmo tempo, promovendo maior clareza da reconfigura\u00e7\u00e3o para todos os stakeholders envolvidos.<\/p>\n\n\n\n<div style=\"height:30px\" aria-hidden=\"true\" class=\"wp-block-spacer\"><\/div>\n\n\n\n<h3 class=\"wp-block-heading\"><strong>Riscos de n\u00e3o integrar branding<\/strong><\/h3>\n\n\n\n<p>N\u00e3o integrar adequadamente o <strong>branding<\/strong> durante o <strong>M&amp;A<\/strong> pode levar a confus\u00e3o no mercado, perda de identidade, aliena\u00e7\u00e3o de consumidores e danos \u00e0 <strong>reputa\u00e7\u00e3o corporativa<\/strong> das marcas envolvidas. Quando o <strong>branding<\/strong> n\u00e3o \u00e9 tratado com a devida aten\u00e7\u00e3o, sem uma <strong>gest\u00e3o de mudan\u00e7a e marca<\/strong> adequada, o processo de fus\u00e3o ou aquisi\u00e7\u00e3o pode resultar em uma fragmenta\u00e7\u00e3o do prop\u00f3sito da organiza\u00e7\u00e3o: o que pode prejudicar a sua competitividade e evolu\u00e7\u00e3o no longo prazo.<\/p>\n\n\n\n<div style=\"height:50px\" aria-hidden=\"true\" class=\"wp-block-spacer\"><\/div>\n\n\n\n<h2 class=\"wp-block-heading\"><strong>O papel da comunica\u00e7\u00e3o em M&amp;A<\/strong><\/h2>\n\n\n\n<div style=\"height:20px\" aria-hidden=\"true\" class=\"wp-block-spacer\"><\/div>\n\n\n\n<h3 class=\"wp-block-heading\"><strong>Comunica\u00e7\u00e3o interna<\/strong><\/h3>\n\n\n\n<p>Durante um <strong>M&amp;A<\/strong>, a comunica\u00e7\u00e3o interna deve ser clara, transparente e cont\u00ednua. Funcion\u00e1rios de ambas as empresas precisam entender como a fus\u00e3o ou aquisi\u00e7\u00e3o impactar\u00e1 a organiza\u00e7\u00e3o, seus cargos e seus valores. A falta de uma comunica\u00e7\u00e3o eficaz pode gerar incertezas, desconfian\u00e7a e resist\u00eancia \u00e0 mudan\u00e7a.<\/p>\n\n\n\n<div style=\"height:30px\" aria-hidden=\"true\" class=\"wp-block-spacer\"><\/div>\n\n\n\n<h3 class=\"wp-block-heading\"><strong>Comunica\u00e7\u00e3o externa<\/strong><\/h3>\n\n\n\n<p>A comunica\u00e7\u00e3o externa com clientes, investidores e parceiros \u00e9 igualmente crucial. As marcas precisam comunicar de maneira eficaz as mudan\u00e7as que ocorrer\u00e3o, mantendo a confian\u00e7a e a fidelidade do p\u00fablico. Isso envolve a explica\u00e7\u00e3o clara dos benef\u00edcios da fus\u00e3o ou aquisi\u00e7\u00e3o, assim como a preserva\u00e7\u00e3o do prop\u00f3sito que os consumidores j\u00e1 associam \u00e0 marca.<\/p>\n\n\n\n<div style=\"height:30px\" aria-hidden=\"true\" class=\"wp-block-spacer\"><\/div>\n\n\n\n<h3 class=\"wp-block-heading\"><strong>Gest\u00e3o de reputa\u00e7\u00e3o durante M&amp;A<\/strong><\/h3>\n\n\n\n<p>A gest\u00e3o de reputa\u00e7\u00e3o deve ser proativa durante o <strong>M&amp;A<\/strong>, monitorando a percep\u00e7\u00e3o p\u00fablica sobre a fus\u00e3o ou aquisi\u00e7\u00e3o. Isso inclui gerenciar as expectativas do p\u00fablico, responder rapidamente a cr\u00edticas ou desinforma\u00e7\u00e3o, e garantir que a marca resultante da fus\u00e3o ou aquisi\u00e7\u00e3o seja percebida positivamente no mercado.<\/p>\n\n\n\n<div style=\"height:50px\" aria-hidden=\"true\" class=\"wp-block-spacer\"><\/div>\n\n\n\n<h2 class=\"wp-block-heading\"><strong>Estrat\u00e9gias de branding para M&amp;A<\/strong><\/h2>\n\n\n\n<div style=\"height:20px\" aria-hidden=\"true\" class=\"wp-block-spacer\"><\/div>\n\n\n\n<h3 class=\"wp-block-heading\"><strong>Gest\u00e3o de portf\u00f3lio<\/strong><\/h3>\n\n\n\n<p>Um dos passos mais importantes durante o processo de <strong>M&amp;A<\/strong> \u00e9 fazer uma an\u00e1lise aprofundada do portf\u00f3lio da organiza\u00e7\u00e3o e decidir se as marcas existentes devem ser mantidas, fundidas ou substitu\u00eddas. Isso pode envolver a cria\u00e7\u00e3o de uma nova hierarquia de marcas ou a unifica\u00e7\u00e3o de todas sob uma marca-m\u00e3e. Em alguns casos, pode ser vantajoso manter as marcas separadas, enquanto em outros, fundi-las pode criar uma diferencia\u00e7\u00e3o mais forte no mercado. Substituir marcas pode ser uma op\u00e7\u00e3o se as marcas originais tiverem imagens negativas ou se a fus\u00e3o gerar uma nova proposta de valor. Essa <strong>gest\u00e3o de portf\u00f3lio<\/strong> deve ser feita de maneira estrat\u00e9gica e cautelosa, construindo uma estrutura sustent\u00e1vel e relevante para a nova fase da organiza\u00e7\u00e3o.<\/p>\n\n\n\n<div style=\"height:30px\" aria-hidden=\"true\" class=\"wp-block-spacer\"><\/div>\n\n\n\n<h3 class=\"wp-block-heading\"><\/h3>\n\n\n\n<h3 class=\"wp-block-heading\"><strong>Implementa\u00e7\u00e3o do novo universo visual e verbal<\/strong><\/h3>\n\n\n\n<p>Uma vez definido o portf\u00f3lio da organiza\u00e7\u00e3o, como fator estruturante do <strong>modelo de neg\u00f3cio<\/strong>, deve-se implementar um universo visual e verbal com consist\u00eancia em todos os pontos de contato com o consumidor. Isso inclui a atualiza\u00e7\u00e3o de materiais de marketing, sites, embalagens, comunica\u00e7\u00e3o interna e publicidade, garantindo que todos os elementos da marca reflitam a nova fase.<\/p>\n\n\n\n<div style=\"height:30px\" aria-hidden=\"true\" class=\"wp-block-spacer\"><\/div>\n\n\n\n<h3 class=\"wp-block-heading\"><strong>Comunica\u00e7\u00e3o p\u00f3s-fus\u00e3o<\/strong><\/h3>\n\n\n\n<p>A comunica\u00e7\u00e3o da nova marca ou das marcas combinadas deve ser claramente definido. Ela deve refletir a proposta de valor conjunta, alavancar os pontos fortes das duas entidades e gerar conex\u00e3o emocional com os consumidores. O <strong>posicionamento<\/strong> p\u00f3s-fus\u00e3o deve ser comunicado por meio de uma narrativa diferenciada e propriet\u00e1ria, que sustente o crescimento da organiza\u00e7\u00e3o no m\u00e9dio e longo prazo.<\/p>\n\n\n\n<div style=\"height:50px\" aria-hidden=\"true\" class=\"wp-block-spacer\"><\/div>\n\n\n\n<h2 class=\"wp-block-heading\"><strong>Case de sucesso: Eletromidia adquire Elemidia e se torna uma das maiores empresas de m\u00eddia da Am\u00e9rica Latina<\/strong><\/h2>\n\n\n\n<div style=\"height:20px\" aria-hidden=\"true\" class=\"wp-block-spacer\"><\/div>\n\n\n\n<p>A <strong>aquisi\u00e7\u00e3o da Elemidia pela Eletromidia<\/strong> \u00e9 um exemplo de como o <strong>branding<\/strong> e a <strong>comunica\u00e7\u00e3o<\/strong> desempenham um papel crucial na integra\u00e7\u00e3o de marcas durante o <strong>M&amp;A<\/strong>. A aquisi\u00e7\u00e3o consolidou a Eletromidia como l\u00edder no setor de m\u00eddia digital e OOH (out-of-home), criando uma nova plataforma com maior capacidade de alcance e inova\u00e7\u00e3o. Para garantir que essa fus\u00e3o entre as duas gigantes unisse o melhor de cada uma delas, era necess\u00e1rio um trabalho aprofundado de <strong>branding<\/strong>, entendendo complementaridades, oportunidades e pontos de dor a serem melhorados.<\/p>\n\n\n\n<p>Neste cen\u00e1rio, entendemos que era preciso trazer \u00e0 tona os grandes diferenciais de cada uma das marcas, para tornar a nova marca mais relevante e presente na vida de seus p\u00fablicos; trazer a conversa com consumidor final \u2013 e n\u00e3o s\u00f3 anunciantes \u2013 como h\u00e1bito da marca e, por \u00faltimo, construir uma<strong> identidade de marca<\/strong> que combinasse toda essa fus\u00e3o, uma vez que ela est\u00e1 presente nas ruas e na jornada das pessoas.<\/p>\n\n\n\n<div style=\"height:20px\" aria-hidden=\"true\" class=\"wp-block-spacer\"><\/div>\n\n\n\n<figure class=\"wp-block-image size-large\"><img fetchpriority=\"high\" decoding=\"async\" width=\"1024\" height=\"578\" src=\"https:\/\/anacouto.com.br\/wp-content\/uploads\/2026\/01\/678098108565927.5fc56c4bb308c-1024x578.webp\" alt=\"\" class=\"wp-image-20963\" srcset=\"https:\/\/anacouto.com.br\/wp-content\/uploads\/2026\/01\/678098108565927.5fc56c4bb308c-1024x578.webp 1024w, https:\/\/anacouto.com.br\/wp-content\/uploads\/2026\/01\/678098108565927.5fc56c4bb308c-300x169.webp 300w, https:\/\/anacouto.com.br\/wp-content\/uploads\/2026\/01\/678098108565927.5fc56c4bb308c-768x434.webp 768w, https:\/\/anacouto.com.br\/wp-content\/uploads\/2026\/01\/678098108565927.5fc56c4bb308c-1536x867.webp 1536w, https:\/\/anacouto.com.br\/wp-content\/uploads\/2026\/01\/678098108565927.5fc56c4bb308c-18x10.webp 18w, https:\/\/anacouto.com.br\/wp-content\/uploads\/2026\/01\/678098108565927.5fc56c4bb308c.webp 1920w\" sizes=\"(max-width: 1024px) 100vw, 1024px\" \/><\/figure>\n\n\n\n<div style=\"height:30px\" aria-hidden=\"true\" class=\"wp-block-spacer\"><\/div>\n\n\n\n<h3 class=\"wp-block-heading\"><\/h3>\n\n\n\n<p>Unimos o que cada uma tinha de melhor, emergindo suas for\u00e7as e potencializando seus talentos. Combinamos ambi\u00e7\u00e3o e empatia para reposicionar a marca no seu habitat natural: as ruas das cidades, ampliando presen\u00e7a e inova\u00e7\u00e3o. Com s\u00edmbolos, grafismos e cores que remetem diretamente aos \u00edcones caracter\u00edsticos das marcas, n\u00e3o apenas constru\u00edmos uma <strong>plataforma de marca<\/strong> culturalmente relevante, como um <strong>ativo de comunica\u00e7\u00e3o <\/strong>para refletir a nova fase do neg\u00f3cio em todos os pontos de contato.<\/p>\n\n\n\n<p>Entre os resultados obtidos ap\u00f3s logo ap\u00f3s o M&amp;A, a organiza\u00e7\u00e3o registrou um <strong>aumento de 42% na receita<\/strong> (em rela\u00e7\u00e3o ao 1\u00ba trimestre de 2023), <strong>crescimento de 527,8% no lucro l\u00edquido <\/strong>(6x superior ao mesmo per\u00edodo do ano anterior) e o marco de <strong>melhor trimestre da hist\u00f3ria<\/strong> para a organiza\u00e7\u00e3o. A consolida\u00e7\u00e3o mostra a import\u00e2ncia de construir estrat\u00e9gias s\u00f3lidas de<strong> branding e M&amp;A<\/strong>, unindo pot\u00eancias para um novo movimento de neg\u00f3cio.<\/p>\n\n\n\n<div style=\"height:20px\" aria-hidden=\"true\" class=\"wp-block-spacer\"><\/div>\n\n\n\n<figure class=\"wp-block-image size-large\"><img decoding=\"async\" width=\"1024\" height=\"683\" src=\"https:\/\/anacouto.com.br\/wp-content\/uploads\/2026\/01\/ed69d2108565927.5fc4369bda98b-2-1024x683.webp\" alt=\"\" class=\"wp-image-20967\" srcset=\"https:\/\/anacouto.com.br\/wp-content\/uploads\/2026\/01\/ed69d2108565927.5fc4369bda98b-2-1024x683.webp 1024w, https:\/\/anacouto.com.br\/wp-content\/uploads\/2026\/01\/ed69d2108565927.5fc4369bda98b-2-300x200.webp 300w, https:\/\/anacouto.com.br\/wp-content\/uploads\/2026\/01\/ed69d2108565927.5fc4369bda98b-2-768x512.webp 768w, https:\/\/anacouto.com.br\/wp-content\/uploads\/2026\/01\/ed69d2108565927.5fc4369bda98b-2-1536x1024.webp 1536w, https:\/\/anacouto.com.br\/wp-content\/uploads\/2026\/01\/ed69d2108565927.5fc4369bda98b-2-18x12.webp 18w, https:\/\/anacouto.com.br\/wp-content\/uploads\/2026\/01\/ed69d2108565927.5fc4369bda98b-2.webp 1800w\" sizes=\"(max-width: 1024px) 100vw, 1024px\" \/><\/figure>\n\n\n\n<div style=\"height:20px\" aria-hidden=\"true\" class=\"wp-block-spacer\"><\/div>\n\n\n\n<p><a href=\"https:\/\/anacouto.com.br\/cases\/eletromidia\/\"><strong>Clique aqui e confira o case completo<\/strong><\/a>.<\/p>\n\n\n\n<div style=\"height:50px\" aria-hidden=\"true\" class=\"wp-block-spacer\"><\/div>\n\n\n\n<h2 class=\"wp-block-heading\"><strong>Al\u00e9m do neg\u00f3cio: m\u00e9tricas de branding para avaliar o sucesso do M&amp;A<\/strong><\/h2>\n\n\n\n<div style=\"height:20px\" aria-hidden=\"true\" class=\"wp-block-spacer\"><\/div>\n\n\n\n<h3 class=\"wp-block-heading\"><strong>Indicadores de percep\u00e7\u00e3o<\/strong><\/h3>\n\n\n\n<p>Medir a percep\u00e7\u00e3o da nova marca \u00e9 essencial para avaliar a efic\u00e1cia da integra\u00e7\u00e3o de <strong>branding<\/strong>. Isso pode ser feito por meio de pesquisas de mercado e feedback dos consumidores sobre como percebem a nova marca.<\/p>\n\n\n\n<div style=\"height:30px\" aria-hidden=\"true\" class=\"wp-block-spacer\"><\/div>\n\n\n\n<h3 class=\"wp-block-heading\"><strong>Indicadores de engajamento interno<\/strong><\/h3>\n\n\n\n<p>A medi\u00e7\u00e3o do engajamento interno \u00e9 crucial para entender como os funcion\u00e1rios est\u00e3o se adaptando \u00e0 nova identidade da empresa. Isso pode incluir a an\u00e1lise de satisfa\u00e7\u00e3o, alinhamento com os valores da marca e motiva\u00e7\u00e3o.<\/p>\n\n\n\n<div style=\"height:30px\" aria-hidden=\"true\" class=\"wp-block-spacer\"><\/div>\n\n\n\n<h3 class=\"wp-block-heading\"><strong>Indicadores de reputa\u00e7\u00e3o e mercado<\/strong><\/h3>\n\n\n\n<p>Monitorar a reputa\u00e7\u00e3o da marca e sua posi\u00e7\u00e3o no mercado ap\u00f3s o <strong>M&amp;A<\/strong> \u00e9 essencial para garantir que a fus\u00e3o ou aquisi\u00e7\u00e3o tenha um impacto positivo. Isso inclui acompanhar a evolu\u00e7\u00e3o do reconhecimento da marca e os efeitos nas vendas e participa\u00e7\u00e3o de mercado.<\/p>\n\n\n\n<div style=\"height:30px\" aria-hidden=\"true\" class=\"wp-block-spacer\"><\/div>\n\n\n\n<h2 class=\"wp-block-heading\"><\/h2>\n\n\n\n<h2 class=\"wp-block-heading\"><strong>Conclus\u00e3o: Branding como fator de sucesso em M&amp;A<\/strong><\/h2>\n\n\n\n<div style=\"height:20px\" aria-hidden=\"true\" class=\"wp-block-spacer\"><\/div>\n\n\n\n<p>No processo de M&amp;A, as organiza\u00e7\u00f5es podem cair em erros comuns como a falta de uma comunica\u00e7\u00e3o clara e antecipada, o desalinhamento cultural que pode gerar tens\u00f5es durante a integra\u00e7\u00e3o e a falta de estrat\u00e9gia de marca e portf\u00f3lio, resultando em um processo fragmentado e sem dire\u00e7\u00e3o. \u00c9 por isso que o <strong>branding<\/strong> desempenha um papel fundamental no sucesso de processos de <strong>M&amp;A<\/strong>, sendo essencial para alinhar as culturas, prop\u00f3sitos e identidades das marcas envolvidas. Quando tratado como um ativo de neg\u00f3cio, o <strong>branding<\/strong> pode gerar valor significativo, melhorar a reputa\u00e7\u00e3o e acelerar a integra\u00e7\u00e3o de marcas, garantindo que a fus\u00e3o ou aquisi\u00e7\u00e3o seja bem-sucedida a longo prazo.<\/p>\n\n\n\n<div style=\"height:50px\" aria-hidden=\"true\" class=\"wp-block-spacer\"><\/div>\n\n\n\n<h4 class=\"wp-block-heading\"><strong>Quer saber como a estrat\u00e9gia que impulsiona valor de <br>grandes players pode apoiar o seu neg\u00f3cio?<\/strong><\/h4>\n\n\n\n<div class=\"wp-block-buttons is-layout-flex wp-block-buttons-is-layout-flex\">\n<div class=\"wp-block-button\"><a class=\"wp-block-button__link has-white-color has-black-background-color has-text-color has-background has-link-color wp-element-button\" href=\"https:\/\/anacouto.com.br\/\">Fale com um especialista anacouto<\/a><\/div>\n<\/div>","protected":false},"excerpt":{"rendered":"<p>Entenda a import\u00e2ncia de integrar branding e comunica\u00e7\u00e3o em processos de M&amp;A para reduzir riscos, gerar valor de marca e acelerar resultados O processo de fus\u00f5es e aquisi\u00e7\u00f5es (M&amp;A) envolve muito mais do que apenas a uni\u00e3o de duas empresas: \u00e9 uma reconfigura\u00e7\u00e3o estrat\u00e9gica que, quando bem gerida, pode gerar grande valor de marca. Durante [&hellip;]<\/p>\n","protected":false},"author":15,"featured_media":20963,"comment_status":"open","ping_status":"closed","sticky":false,"template":"","format":"standard","meta":{"footnotes":""},"categories":[7],"tags":[],"class_list":["post-20936","post","type-post","status-publish","format-standard","has-post-thumbnail","hentry","category-artigos"],"_links":{"self":[{"href":"https:\/\/anacouto.com.br\/en\/wp-json\/wp\/v2\/posts\/20936","targetHints":{"allow":["GET"]}}],"collection":[{"href":"https:\/\/anacouto.com.br\/en\/wp-json\/wp\/v2\/posts"}],"about":[{"href":"https:\/\/anacouto.com.br\/en\/wp-json\/wp\/v2\/types\/post"}],"author":[{"embeddable":true,"href":"https:\/\/anacouto.com.br\/en\/wp-json\/wp\/v2\/users\/15"}],"replies":[{"embeddable":true,"href":"https:\/\/anacouto.com.br\/en\/wp-json\/wp\/v2\/comments?post=20936"}],"version-history":[{"count":17,"href":"https:\/\/anacouto.com.br\/en\/wp-json\/wp\/v2\/posts\/20936\/revisions"}],"predecessor-version":[{"id":20977,"href":"https:\/\/anacouto.com.br\/en\/wp-json\/wp\/v2\/posts\/20936\/revisions\/20977"}],"wp:featuredmedia":[{"embeddable":true,"href":"https:\/\/anacouto.com.br\/en\/wp-json\/wp\/v2\/media\/20963"}],"wp:attachment":[{"href":"https:\/\/anacouto.com.br\/en\/wp-json\/wp\/v2\/media?parent=20936"}],"wp:term":[{"taxonomy":"category","embeddable":true,"href":"https:\/\/anacouto.com.br\/en\/wp-json\/wp\/v2\/categories?post=20936"},{"taxonomy":"post_tag","embeddable":true,"href":"https:\/\/anacouto.com.br\/en\/wp-json\/wp\/v2\/tags?post=20936"}],"curies":[{"name":"wp","href":"https:\/\/api.w.org\/{rel}","templated":true}]}}