{"id":2070,"date":"2018-04-20T09:34:51","date_gmt":"2018-04-20T12:34:51","guid":{"rendered":"http:\/\/legacy.anacouto.com.br\/?p=2070"},"modified":"2024-07-11T14:49:36","modified_gmt":"2024-07-11T17:49:36","slug":"9-diretrizes-para-sua-marca-negocio-e-comunicacao-em-2018","status":"publish","type":"post","link":"https:\/\/anacouto.com.br\/en\/artigos\/2018\/04\/20\/9-diretrizes-para-sua-marca-negocio-e-comunicacao-em-2018\/","title":{"rendered":"9 Diretrizes Para Sua Marca, Neg\u00f3cio e Comunica\u00e7\u00e3o em 2018"},"content":{"rendered":"<p>J\u00e1 deu para perceber: 2018 ser\u00e1 um ano movimentad\u00edssimo para o Brasil e para o mundo. Ainda num cen\u00e1rio de muita volatilidade e incertezas, e apesar de uma melhora econ\u00f4mica, este ano ainda temos Copa do Mundo e Elei\u00e7\u00f5es presidenciais. Dois grandes temas no segundo semestre que d\u00e3o um shift no foco da conversa e tudo passa a ser secund\u00e1rio na agenda dos brasileiros.<\/p>\n<p>Num cen\u00e1rio como este, o desafio dos executivos e gestores de Marketing e Marcas \u00e9: como se posicionar para tirar o melhor proveito do contexto atual?<\/p>\n<p>Baixe o nosso conte\u00fado especial, desenvolvido pelos diretores da Ana Couto <a href=\"http:\/\/legacy.anacouto.com.bruthor\/leonardo-senra\/\">Leonardo Senra<\/a> e <a href=\"http:\/\/legacy.anacouto.com.bruthor\/danilo-cid\/\">Danilo Cid<\/a>, para entender 9 diretrizes para Marca, Neg\u00f3cio e Comunica\u00e7\u00e3o que far\u00e3o a diferen\u00e7a em 2018.<\/p>","protected":false},"excerpt":{"rendered":"<p>No cen\u00e1rio atual, o desafio dos executivos e gestores de Marketing e Marcas \u00e9: como se posicionar para tirar o melhor proveito do contexto atual? Baixe o conte\u00fado e descubra.<\/p>","protected":false},"author":2,"featured_media":0,"comment_status":"closed","ping_status":"closed","sticky":false,"template":"","format":"standard","meta":{"footnotes":""},"categories":[7],"tags":[68,69,51,70,54,71],"class_list":["post-2070","post","type-post","status-publish","format-standard","hentry","category-artigos","tag-danilo-cid","tag-diretrizes","tag-inovacao","tag-leonardo-senra","tag-tendencias","tag-trends"],"_links":{"self":[{"href":"https:\/\/anacouto.com.br\/en\/wp-json\/wp\/v2\/posts\/2070","targetHints":{"allow":["GET"]}}],"collection":[{"href":"https:\/\/anacouto.com.br\/en\/wp-json\/wp\/v2\/posts"}],"about":[{"href":"https:\/\/anacouto.com.br\/en\/wp-json\/wp\/v2\/types\/post"}],"author":[{"embeddable":true,"href":"https:\/\/anacouto.com.br\/en\/wp-json\/wp\/v2\/users\/2"}],"replies":[{"embeddable":true,"href":"https:\/\/anacouto.com.br\/en\/wp-json\/wp\/v2\/comments?post=2070"}],"version-history":[{"count":1,"href":"https:\/\/anacouto.com.br\/en\/wp-json\/wp\/v2\/posts\/2070\/revisions"}],"predecessor-version":[{"id":15040,"href":"https:\/\/anacouto.com.br\/en\/wp-json\/wp\/v2\/posts\/2070\/revisions\/15040"}],"wp:attachment":[{"href":"https:\/\/anacouto.com.br\/en\/wp-json\/wp\/v2\/media?parent=2070"}],"wp:term":[{"taxonomy":"category","embeddable":true,"href":"https:\/\/anacouto.com.br\/en\/wp-json\/wp\/v2\/categories?post=2070"},{"taxonomy":"post_tag","embeddable":true,"href":"https:\/\/anacouto.com.br\/en\/wp-json\/wp\/v2\/tags?post=2070"}],"curies":[{"name":"wp","href":"https:\/\/api.w.org\/{rel}","templated":true}]}}