{"id":20550,"date":"2025-12-01T17:53:21","date_gmt":"2025-12-01T20:53:21","guid":{"rendered":"https:\/\/anacouto.com.br\/?p=20550"},"modified":"2025-12-01T18:43:15","modified_gmt":"2025-12-01T21:43:15","slug":"comunicacao-em-2026-midias-sociais-identidade-e-comunidade","status":"publish","type":"post","link":"https:\/\/anacouto.com.br\/en\/artigos\/2025\/12\/01\/comunicacao-em-2026-midias-sociais-identidade-e-comunidade\/","title":{"rendered":"Comunica\u00e7\u00e3o em 2026: m\u00eddias sociais, identidade e comunidade"},"content":{"rendered":"<h5 class=\"wp-block-heading\"><em>Por que a comunica\u00e7\u00e3o em 2026 ser\u00e1 guiada por comunidades, cultura e conex\u00f5es humanas \u2014 e n\u00e3o apenas por algoritmos<\/em><\/h5>\n\n\n\n<div style=\"height:50px\" aria-hidden=\"true\" class=\"wp-block-spacer\"><\/div>\n\n\n\n<p>A comunica\u00e7\u00e3o digital vem se tornando um reflexo cada vez mais genu\u00edno de quem somos como seres humanos e das comunidades \u00e0s quais pertencemos. Em um mundo saturado de informa\u00e7\u00f5es e estimulado por algoritmos, as organiza\u00e7\u00f5es precisam ir al\u00e9m da aten\u00e7\u00e3o moment\u00e2nea ou do foco exclusivo no transacional. O estudo <strong>Global Social Media Trends 2025<\/strong>, da HubSpot, mostra que <strong>30% dos profissionais de marketing, comunica\u00e7\u00e3o e m\u00eddia<\/strong> apontam o aumento da <strong>lealdade \u00e0 marca<\/strong> como principal benef\u00edcio de construir comunidades nas m\u00eddias sociais.<\/p>\n\n\n\n<p>Essa evid\u00eancia ajuda a explicar um movimento maior: o consumo est\u00e1 menos ligado a campanhas de visibilidade e mais \u00e0 capacidade das organiza\u00e7\u00f5es de criar <strong>identifica\u00e7\u00e3o cultural<\/strong>, <strong>sentido<\/strong> e <strong>pertencimento<\/strong>. As pessoas seguem, compram e defendem aquilo que ajuda a contar ao mundo quem elas s\u00e3o.<\/p>\n\n\n\n<p>Neste artigo, analisamos como os movimentos de mercado e o comportamento de consumo est\u00e3o mudando, al\u00e9m de abordar como as organiza\u00e7\u00f5es podem construir uma <strong>estrat\u00e9gia de comunica\u00e7\u00e3o<\/strong> realmente sustent\u00e1vel, integrando branding, cultura e comunidade.<\/p>\n\n\n\n<div style=\"height:47px\" aria-hidden=\"true\" class=\"wp-block-spacer\"><\/div>\n\n\n\n<figure class=\"wp-block-image size-full\"><img fetchpriority=\"high\" decoding=\"async\" width=\"876\" height=\"810\" src=\"https:\/\/anacouto.com.br\/wp-content\/uploads\/2025\/11\/image-5.png\" alt=\"\" class=\"wp-image-20551\" srcset=\"https:\/\/anacouto.com.br\/wp-content\/uploads\/2025\/11\/image-5.png 876w, https:\/\/anacouto.com.br\/wp-content\/uploads\/2025\/11\/image-5-300x277.png 300w, https:\/\/anacouto.com.br\/wp-content\/uploads\/2025\/11\/image-5-768x710.png 768w, https:\/\/anacouto.com.br\/wp-content\/uploads\/2025\/11\/image-5-13x12.png 13w\" sizes=\"(max-width: 876px) 100vw, 876px\" \/><figcaption class=\"wp-element-caption\"><br>Global Social Media Trends Report, Hubspot, 2025<\/figcaption><\/figure>\n\n\n\n<div style=\"height:50px\" aria-hidden=\"true\" class=\"wp-block-spacer\"><\/div>\n\n\n\n<h2 class=\"wp-block-heading\"><strong>Micro e nano influenciadores: a nova din\u00e2mica da influ\u00eancia<\/strong><\/h2>\n\n\n\n<figure class=\"wp-block-image size-large\"><img decoding=\"async\" width=\"1024\" height=\"683\" src=\"https:\/\/anacouto.com.br\/wp-content\/uploads\/2025\/12\/task_01kbdns2m9e1a9t3hd03r5pves_1764617001_img_0-1-1024x683.webp\" alt=\"\" class=\"wp-image-20629\" srcset=\"https:\/\/anacouto.com.br\/wp-content\/uploads\/2025\/12\/task_01kbdns2m9e1a9t3hd03r5pves_1764617001_img_0-1-1024x683.webp 1024w, https:\/\/anacouto.com.br\/wp-content\/uploads\/2025\/12\/task_01kbdns2m9e1a9t3hd03r5pves_1764617001_img_0-1-300x200.webp 300w, https:\/\/anacouto.com.br\/wp-content\/uploads\/2025\/12\/task_01kbdns2m9e1a9t3hd03r5pves_1764617001_img_0-1-768x512.webp 768w, https:\/\/anacouto.com.br\/wp-content\/uploads\/2025\/12\/task_01kbdns2m9e1a9t3hd03r5pves_1764617001_img_0-1-18x12.webp 18w, https:\/\/anacouto.com.br\/wp-content\/uploads\/2025\/12\/task_01kbdns2m9e1a9t3hd03r5pves_1764617001_img_0-1.webp 1536w\" sizes=\"(max-width: 1024px) 100vw, 1024px\" \/><\/figure>\n\n\n\n<p>O Brasil j\u00e1 contabiliza <strong>mais de 2 milh\u00f5es de influenciadores ativos<\/strong>, segundo levantamento da Influency.me com Opinion Box, e <strong>79%<\/strong> deles s\u00e3o <strong>nano influenciadores<\/strong> (perfis com at\u00e9 10 mil seguidores e <strong>maior taxa m\u00e9dia de engajamento<\/strong> no Instagram, de <strong>3,2%<\/strong>). No TikTok, esse grupo tamb\u00e9m cresce rapidamente, acompanhando o salto de consumo da plataforma no pa\u00eds.<\/p>\n\n\n\n<p>Esses influenciadores se tornaram protagonistas porque operam em escala humana: falam com grupos espec\u00edficos, compartilham rotinas reais e estabelecem proximidade. Isso produz um impacto que grandes celebridades n\u00e3o conseguem entregar com a mesma profundidade.<\/p>\n\n\n\n<p>A Harvard Business Review refor\u00e7a esse movimento. No artigo <em><a href=\"https:\/\/hbr.org\/2024\/09\/when-it-comes-to-influencers-smaller-can-be-better\">When It Comes to Influencers, Smaller Can Be Better<\/a><\/em>, pesquisadores mostram que campanhas com investimentos de <strong>US$ 50 em nano influenciadores<\/strong> geraram, em m\u00e9dia, <strong>retorno superior a US$ 1.000<\/strong>, revelando que relev\u00e2ncia cultural e conex\u00e3o emocional importam mais do que alcance massivo.<\/p>\n\n\n\n<p>Para organiza\u00e7\u00f5es, o desafio n\u00e3o \u00e9 apenas &#8220;estar nas plataformas certas&#8221;, mas inserir produtos, servi\u00e7os e narrativas em ecossistemas onde as pessoas se reconhecem. Nano influenciadores ajudam justamente nisso: a traduzir a marca para a linguagem de uma comunidade.<\/p>\n\n\n\n<div style=\"height:50px\" aria-hidden=\"true\" class=\"wp-block-spacer\"><\/div>\n\n\n\n<h2 class=\"wp-block-heading\"><strong>Redes sociais: tend\u00eancias moment\u00e2neas ou movimentos culturais profundos?<\/strong><\/h2>\n\n\n\n<p>Para al\u00e9m das tend\u00eancias, \u00e9 preciso exercitar a leitura dos <strong>movimentos culturais<\/strong>. TikTok, Instagram, YouTube e LinkedIn continuam sendo prioridades de investimento para 2026, mas a pergunta relevante n\u00e3o \u00e9 qual plataforma dominar\u00e1 o mercado, e sim <strong>o que as pessoas buscam dentro delas<\/strong>.<\/p>\n\n\n\n<p>Hoje, o valor de uma organiza\u00e7\u00e3o est\u00e1 ligado \u00e0 sua capacidade de gerar identifica\u00e7\u00e3o: aquela que nasce de maneira genu\u00edna do seu prop\u00f3sito. As redes sociais podem, sim, impulsionar um crescimento exponencial ao escalar an\u00fancios e investimentos em <strong>m\u00eddia paga<\/strong>. Mas, para que esse crescimento seja sustent\u00e1vel para o neg\u00f3cio, \u00e9 preciso enxerg\u00e1-las como espa\u00e7os de <strong>pertencimento<\/strong>, onde rela\u00e7\u00f5es se constroem a partir de valores compartilhados e n\u00e3o apenas de exposi\u00e7\u00e3o.<\/p>\n\n\n\n<p>As pessoas buscam ambientes onde possam expressar quem s\u00e3o, recomendar o que amam, seguir quem as inspira e cocriar narrativas. As organiza\u00e7\u00f5es que constroem comunidades nesse contexto conquistam algo raro: <strong>aten\u00e7\u00e3o qualificada<\/strong>, <strong>afinidade<\/strong> e <strong>continuidade<\/strong>, elementos fundamentais para convers\u00e3o e fideliza\u00e7\u00e3o.<\/p>\n\n\n\n<div style=\"height:50px\" aria-hidden=\"true\" class=\"wp-block-spacer\"><\/div>\n\n\n\n<h2 class=\"wp-block-heading\"><strong>TikTok Shop e o avan\u00e7o das compras sociais<\/strong><\/h2>\n\n\n\n<figure class=\"wp-block-image size-large\"><img decoding=\"async\" width=\"1024\" height=\"683\" src=\"http:\/\/anacouto.com.br\/wp-content\/uploads\/2025\/12\/task_01kbdt1463f1vvchrag4jsfz5g_1764621455_img_0-1024x683.webp\" alt=\"\" class=\"wp-image-20633\" srcset=\"https:\/\/anacouto.com.br\/wp-content\/uploads\/2025\/12\/task_01kbdt1463f1vvchrag4jsfz5g_1764621455_img_0-1024x683.webp 1024w, https:\/\/anacouto.com.br\/wp-content\/uploads\/2025\/12\/task_01kbdt1463f1vvchrag4jsfz5g_1764621455_img_0-300x200.webp 300w, https:\/\/anacouto.com.br\/wp-content\/uploads\/2025\/12\/task_01kbdt1463f1vvchrag4jsfz5g_1764621455_img_0-768x512.webp 768w, https:\/\/anacouto.com.br\/wp-content\/uploads\/2025\/12\/task_01kbdt1463f1vvchrag4jsfz5g_1764621455_img_0-18x12.webp 18w, https:\/\/anacouto.com.br\/wp-content\/uploads\/2025\/12\/task_01kbdt1463f1vvchrag4jsfz5g_1764621455_img_0.webp 1536w\" sizes=\"(max-width: 1024px) 100vw, 1024px\" \/><\/figure>\n\n\n\n<p>Com a chegada do TikTok Shop e a previs\u00e3o de que <strong>70% das organiza\u00e7\u00f5es<\/strong> comercializassem produtos diretamente pelas redes sociais at\u00e9 2025, o<strong> social commerce<\/strong> se consolida n\u00e3o apenas como canal de vendas, mas como novo comportamento cultural.<\/p>\n\n\n\n<p>Consumir dentro da plataforma reduz atritos, aumenta a conveni\u00eancia e transforma influenciadores (especialmente os pequenos) em mediadores de confian\u00e7a. Eles n\u00e3o apenas divulgam: <strong>moldam h\u00e1bitos<\/strong>, <strong>constroem tribos<\/strong>, <strong>legitimam escolhas<\/strong>.<\/p>\n\n\n\n<p>Mas essa transi\u00e7\u00e3o exige mais do que presen\u00e7a. Exige que as organiza\u00e7\u00f5es:<\/p>\n\n\n\n<p>\u2022 Entendam como seus produtos entram na vida das pessoas;<br>\u2022 Criem experi\u00eancias fluidas, n\u00e3o interrup\u00e7\u00f5es;<br>\u2022 Conectem narrativa, prop\u00f3sito e utilidade;<br>\u2022 Respeitem a intelig\u00eancia cultural de cada comunidade.<\/p>\n\n\n\n<p>O e-commerce social n\u00e3o \u00e9 s\u00f3 sobre vender r\u00e1pido. \u00c9 sobre refor\u00e7ar rela\u00e7\u00f5es que, depois, se convertem em vendas.<\/p>\n\n\n\n<div style=\"height:50px\" aria-hidden=\"true\" class=\"wp-block-spacer\"><\/div>\n\n\n\n<h2 class=\"wp-block-heading\"><strong>Constru\u00e7\u00e3o de comunidade: a nova era da comunica\u00e7\u00e3o digital<\/strong><\/h2>\n\n\n\n<p>A era dos seguidores ficou para tr\u00e1s. Em 2026, o que ir\u00e1 apoiar o crescimento das marcas de forma sustent\u00e1vel s\u00e3o as <strong>comunidades<\/strong>, n\u00e3o audi\u00eancias. Pessoas n\u00e3o querem s\u00f3 produtos: querem <strong>tribos<\/strong>, <strong>prop\u00f3sitos<\/strong>, <strong>reflexos de si mesmas<\/strong>.<\/p>\n\n\n\n<p>Pertencimento \u00e9 inerente \u00e0 nossa natureza humana, e isso se intensifica no ambiente digital. As comunidades n\u00e3o se formam espontaneamente. Elas surgem quando organiza\u00e7\u00f5es:<\/p>\n\n\n\n<p>\u2022 Comunicam valores aut\u00eanticos;<br>\u2022 Tratam seu p\u00fablico como humanos, n\u00e3o como m\u00e9tricas;<br>\u2022 Participam da cultura, n\u00e3o apenas a comentam;<br>\u2022 Criam experi\u00eancias que unem, n\u00e3o apenas vendem.<\/p>\n\n\n\n<div style=\"height:30px\" aria-hidden=\"true\" class=\"wp-block-spacer\"><\/div>\n\n\n\n<h3 class=\"wp-block-heading\"><strong>Marcas brasileiras que constroem comunica\u00e7\u00e3o com prop\u00f3sito<\/strong><\/h3>\n\n\n\n<p>Em 2024, desde o lan\u00e7amento do <a href=\"https:\/\/anacouto.com.br\/cases\/camponesa-branding\/\">rebranding de Camponesa<\/a>, uma nova fase\u00a0da marca que ocupa o\u00a0tier\u00a0de pre\u00e7o m\u00e9dio\/alto com oferta mais premium dentro do Grupo\u00a0Alvoar come\u00e7ou a criar vida no dia a dia dos consumidores. Com novas embalagens, espa\u00e7os f\u00edsicos de experi\u00eancia da marca e o prop\u00f3sito de <strong>\u201cFazer dos afetos novos sabores\u201d<\/strong>, a primeira campanha desse novo momento trouxe a mesa um novo ponto de vista que assina nossas pe\u00e7as: <strong>\u201cSabor se cria junto\u201d<\/strong>. <\/p>\n\n\n\n<div style=\"height:20px\" aria-hidden=\"true\" class=\"wp-block-spacer\"><\/div>\n\n\n\n<figure class=\"wp-block-image size-large\"><img loading=\"lazy\" decoding=\"async\" width=\"1024\" height=\"662\" src=\"https:\/\/anacouto.com.br\/wp-content\/uploads\/2025\/12\/image-1024x662.png\" alt=\"\" class=\"wp-image-20630\" srcset=\"https:\/\/anacouto.com.br\/wp-content\/uploads\/2025\/12\/image-1024x662.png 1024w, https:\/\/anacouto.com.br\/wp-content\/uploads\/2025\/12\/image-300x194.png 300w, https:\/\/anacouto.com.br\/wp-content\/uploads\/2025\/12\/image-768x496.png 768w, https:\/\/anacouto.com.br\/wp-content\/uploads\/2025\/12\/image-18x12.png 18w, https:\/\/anacouto.com.br\/wp-content\/uploads\/2025\/12\/image.png 1148w\" sizes=\"(max-width: 1024px) 100vw, 1024px\" \/><figcaption class=\"wp-element-caption\">Instagram da marca Camponesa, do Grupo Alvoar L\u00e1cteos, por anacouto<\/figcaption><\/figure>\n\n\n\n<figure class=\"wp-block-image\"><a href=\"https:\/\/anacouto.com.br\/\"><img loading=\"lazy\" decoding=\"async\" width=\"300\" height=\"40\" src=\"https:\/\/anacouto.com.br\/wp-content\/uploads\/2025\/07\/AC-300x40.png\" alt=\"\" class=\"wp-image-19443\" srcset=\"https:\/\/anacouto.com.br\/wp-content\/uploads\/2025\/07\/AC-300x40.png 300w, https:\/\/anacouto.com.br\/wp-content\/uploads\/2025\/07\/AC-18x2.png 18w, https:\/\/anacouto.com.br\/wp-content\/uploads\/2025\/07\/AC.png 334w\" sizes=\"(max-width: 300px) 100vw, 300px\" \/><\/a><\/figure>\n\n\n\n<p>Com uma nova onda de campanha realizada em 2025, um <strong>planejamento de conte\u00fado<\/strong> s\u00f3lido e a\u00e7\u00f5es com <strong>influenciadores regionais<\/strong>, Camponesa seguiu construindo esse novo di\u00e1logo com o seu p\u00fablico nas redes sociais ao longo do ano.<\/p>\n\n\n\n<p>O resultado? Um aumento significativo no alcance e engajamento, somando <strong>12 milh\u00f5es de visualiza\u00e7\u00f5es ao total<\/strong> e mais de <strong>55 mil engajamentos<\/strong>, no <strong>Instagram e TikTok<\/strong>. De receitas a v\u00eddeos de rotina, entregamos narrativas aut\u00eanticas focadas em performance, geramos conte\u00fados que integram pessoas, cultura digital e constru\u00e7\u00e3o de marca.<\/p>\n\n\n\n<div style=\"height:50px\" aria-hidden=\"true\" class=\"wp-block-spacer\"><\/div>\n\n\n\n<h2 class=\"wp-block-heading\"><strong>Conclus\u00e3o: a comunica\u00e7\u00e3o em 2026 ser\u00e1 humana, conectada e sustent\u00e1vel<\/strong><\/h2>\n\n\n\n<p>\u00c0 medida que avan\u00e7amos para 2026, fica claro que comunica\u00e7\u00e3o eficaz n\u00e3o depende s\u00f3 de tecnologia, mas de <strong>humanidade<\/strong>. As pessoas buscam se identificar, se conectar e pertencer. E isso atravessa plataformas, influenciadores, lojas f\u00edsicas, m\u00eddias tradicionais, algoritmos e narrativas.<\/p>\n\n\n\n<p>O papel das organiza\u00e7\u00f5es \u00e9 <strong>ler a cultura<\/strong>, integrar branding \u00e0 comunica\u00e7\u00e3o e participar das conversas certos, com os valores certos. Na anacouto, acreditamos que esse \u00e9 o caminho mais sustent\u00e1vel: unir <strong>prop\u00f3sito, branding e execu\u00e7\u00e3o de comunica\u00e7\u00e3o<\/strong> para construir comunidades potentes e resultados tang\u00edveis para o neg\u00f3cio.<\/p>\n\n\n\n<p>Organiza\u00e7\u00f5es que seguirem por essa trilha n\u00e3o apenas acompanhar\u00e3o o mercado: <strong>ser\u00e3o protagonistas da cultura que desejam transformar<\/strong>.<\/p>\n\n\n\n<div style=\"height:100px\" aria-hidden=\"true\" class=\"wp-block-spacer\"><\/div>\n\n\n\n<h3 class=\"wp-block-heading\"><strong>Quer impulsionar suas campanhas de comunica\u00e7\u00e3o em 2026?<\/strong><\/h3>\n\n\n\n<p>Somos uma&nbsp;<strong>ag\u00eancia de branding e comunica\u00e7\u00e3o<\/strong>&nbsp;que une o&nbsp;<strong>poder criativo<\/strong>&nbsp;ao&nbsp;<strong>poder do neg\u00f3cio<\/strong>. Constru\u00edmos estrat\u00e9gias integradas para atender os principais ecossistemas de marcas brasileiras que est\u00e3o expandindo globalmente. Entre em contato com nosso time e entenda a melhor solu\u00e7\u00e3o para gerar resultados concretos para o seu neg\u00f3cio.<\/p>\n\n\n\n<div class=\"wp-block-buttons is-layout-flex wp-block-buttons-is-layout-flex\">\n<div class=\"wp-block-button\"><a class=\"wp-block-button__link has-white-color has-text-color has-link-color wp-element-button\" href=\"https:\/\/anacouto.com.br\/comunicacao-branding\/\">Conhe\u00e7a nossos servi\u00e7os de comunica\u00e7\u00e3o<\/a><\/div>\n<\/div>\n\n\n\n<p><\/p>","protected":false},"excerpt":{"rendered":"<p>Por que a comunica\u00e7\u00e3o em 2026 ser\u00e1 guiada por comunidades, cultura e conex\u00f5es humanas \u2014 e n\u00e3o apenas por algoritmos A comunica\u00e7\u00e3o digital vem se tornando um reflexo cada vez mais genu\u00edno de quem somos como seres humanos e das comunidades \u00e0s quais pertencemos. Em um mundo saturado de informa\u00e7\u00f5es e estimulado por algoritmos, as [&hellip;]<\/p>\n","protected":false},"author":15,"featured_media":20636,"comment_status":"open","ping_status":"closed","sticky":false,"template":"","format":"standard","meta":{"footnotes":""},"categories":[7],"tags":[],"class_list":["post-20550","post","type-post","status-publish","format-standard","has-post-thumbnail","hentry","category-artigos"],"_links":{"self":[{"href":"https:\/\/anacouto.com.br\/en\/wp-json\/wp\/v2\/posts\/20550","targetHints":{"allow":["GET"]}}],"collection":[{"href":"https:\/\/anacouto.com.br\/en\/wp-json\/wp\/v2\/posts"}],"about":[{"href":"https:\/\/anacouto.com.br\/en\/wp-json\/wp\/v2\/types\/post"}],"author":[{"embeddable":true,"href":"https:\/\/anacouto.com.br\/en\/wp-json\/wp\/v2\/users\/15"}],"replies":[{"embeddable":true,"href":"https:\/\/anacouto.com.br\/en\/wp-json\/wp\/v2\/comments?post=20550"}],"version-history":[{"count":19,"href":"https:\/\/anacouto.com.br\/en\/wp-json\/wp\/v2\/posts\/20550\/revisions"}],"predecessor-version":[{"id":20642,"href":"https:\/\/anacouto.com.br\/en\/wp-json\/wp\/v2\/posts\/20550\/revisions\/20642"}],"wp:featuredmedia":[{"embeddable":true,"href":"https:\/\/anacouto.com.br\/en\/wp-json\/wp\/v2\/media\/20636"}],"wp:attachment":[{"href":"https:\/\/anacouto.com.br\/en\/wp-json\/wp\/v2\/media?parent=20550"}],"wp:term":[{"taxonomy":"category","embeddable":true,"href":"https:\/\/anacouto.com.br\/en\/wp-json\/wp\/v2\/categories?post=20550"},{"taxonomy":"post_tag","embeddable":true,"href":"https:\/\/anacouto.com.br\/en\/wp-json\/wp\/v2\/tags?post=20550"}],"curies":[{"name":"wp","href":"https:\/\/api.w.org\/{rel}","templated":true}]}}