{"id":20483,"date":"2025-11-14T20:44:42","date_gmt":"2025-11-14T23:44:42","guid":{"rendered":"https:\/\/anacouto.com.br\/?p=20483"},"modified":"2025-11-14T21:04:32","modified_gmt":"2025-11-15T00:04:32","slug":"negocios-globais-campanhas-para-multiplos-publicos","status":"publish","type":"post","link":"https:\/\/anacouto.com.br\/en\/artigos\/2025\/11\/14\/negocios-globais-campanhas-para-multiplos-publicos\/","title":{"rendered":"Neg\u00f3cios globais: campanhas para m\u00faltiplos p\u00fablicos"},"content":{"rendered":"<p><em>Organiza\u00e7\u00f5es que possuem diferentes marcas e produtos em seu portf\u00f3lio precisam cada vez mais construir uma gest\u00e3o integrada: da estrat\u00e9gia \u00e0 execu\u00e7\u00e3o.<\/em><\/p>\n\n\n\n<div style=\"height:50px\" aria-hidden=\"true\" class=\"wp-block-spacer\"><\/div>\n\n\n\n<p>Nos \u00faltimos anos, as organiza\u00e7\u00f5es com ambi\u00e7\u00f5es globais, bem como aquelas que atendem ao mercado B2B e B2C, enfrentam o desafio de criar <strong>campanhas de comunica\u00e7\u00e3o <\/strong>mais conectadas e eficazes. As empresas precisam se adaptar para engajar diferentes p\u00fablicos, desde grandes projetos at\u00e9 o consumidor final, sempre mantendo a consist\u00eancia na mensagem e na proposta de valor. Para isso, \u00e9 necess\u00e1rio construir um <strong>planejamento de comunica\u00e7\u00e3o<\/strong> coeso e bem estruturado, onde todas as frentes, desde grandes projetos at\u00e9 o varejo B2C, estejam alinhadas em torno de uma <strong>narrativa integrada<\/strong>.<\/p>\n\n\n\n<p>Neste artigo, vamos explorar a import\u00e2ncia de criar estrat\u00e9gias conectadas que possibilitem a constru\u00e7\u00e3o de <strong>campanhas criativas<\/strong>, mas que ao mesmo tempo entreguem valor a diferentes audi\u00eancias e atendam aos objetivos do neg\u00f3cio.<\/p>\n\n\n\n<div style=\"height:50px\" aria-hidden=\"true\" class=\"wp-block-spacer\"><\/div>\n\n\n\n<h2 class=\"wp-block-heading\"><strong>Planejamento de comunica\u00e7\u00e3o: a import\u00e2ncia das narrativas consistentes<\/strong><\/h2>\n\n\n\n<figure class=\"wp-block-image size-large\"><img fetchpriority=\"high\" decoding=\"async\" width=\"1024\" height=\"683\" src=\"https:\/\/anacouto.com.br\/wp-content\/uploads\/2025\/11\/task_01ka2az1ekesavt536xapyd1sv_1763162785_img_1-1-2-1024x683.webp\" alt=\"\" class=\"wp-image-20496\" srcset=\"https:\/\/anacouto.com.br\/wp-content\/uploads\/2025\/11\/task_01ka2az1ekesavt536xapyd1sv_1763162785_img_1-1-2-1024x683.webp 1024w, https:\/\/anacouto.com.br\/wp-content\/uploads\/2025\/11\/task_01ka2az1ekesavt536xapyd1sv_1763162785_img_1-1-2-300x200.webp 300w, https:\/\/anacouto.com.br\/wp-content\/uploads\/2025\/11\/task_01ka2az1ekesavt536xapyd1sv_1763162785_img_1-1-2-768x512.webp 768w, https:\/\/anacouto.com.br\/wp-content\/uploads\/2025\/11\/task_01ka2az1ekesavt536xapyd1sv_1763162785_img_1-1-2-18x12.webp 18w, https:\/\/anacouto.com.br\/wp-content\/uploads\/2025\/11\/task_01ka2az1ekesavt536xapyd1sv_1763162785_img_1-1-2.webp 1536w\" sizes=\"(max-width: 1024px) 100vw, 1024px\" \/><\/figure>\n\n\n\n<p>Com a crescente globaliza\u00e7\u00e3o dos neg\u00f3cios, as organiza\u00e7\u00f5es precisam ter uma comunica\u00e7\u00e3o que v\u00e1 al\u00e9m de uma segmenta\u00e7\u00e3o simples e que se alinhe a diferentes realidades. Empresas com presen\u00e7a tanto no B2B quanto no B2C precisam unir suas estrat\u00e9gias e pontos de contato de forma estrat\u00e9gica. Para que isso aconte\u00e7a de maneira eficiente, \u00e9 essencial que todas as iniciativas de comunica\u00e7\u00e3o se alinhem em torno de um <strong>planejamento de comunica\u00e7\u00e3o<\/strong> integrado.&nbsp;<\/p>\n\n\n\n<p>Esse planejamento n\u00e3o se limita apenas a campanhas publicit\u00e1rias, mas envolve uma integra\u00e7\u00e3o total de todas as frentes de comunica\u00e7\u00e3o: de grandes projetos a iniciativas focadas em micro p\u00fablicos, como empreendedores locais. A <strong>gest\u00e3o de branding e comunica\u00e7\u00e3o moderna<\/strong> deve integrar as diretrizes estrat\u00e9gicas para que os n\u00facleos de marca, conte\u00fado, marketing e comunica\u00e7\u00e3o garantam uma mensagem unificada que reflete o prop\u00f3sito da organiza\u00e7\u00e3o, ao mesmo tempo que atende \u00e0s demandas comerciais e organizacionais do neg\u00f3cio.<\/p>\n\n\n\n<div style=\"height:50px\" aria-hidden=\"true\" class=\"wp-block-spacer\"><\/div>\n\n\n\n<h2 class=\"wp-block-heading\"><strong>A integra\u00e7\u00e3o da comunica\u00e7\u00e3o e m\u00eddia do B2B ao B2C<\/strong><\/h2>\n\n\n\n<p>A cria\u00e7\u00e3o de uma comunica\u00e7\u00e3o unificada exige uma gest\u00e3o estrat\u00e9gica do <strong>planejamento de m\u00eddia<\/strong>, que deve ser cuidadosamente adaptado para diferentes tipos de p\u00fablicos. Isso se aplica desde a comunica\u00e7\u00e3o corporativa em grandes projetos B2B at\u00e9 campanhas mais focadas no varejo B2C. O desafio est\u00e1 em garantir que todas essas frentes operem dentro de um mesmo ecossistema, proporcionando uma experi\u00eancia fluida e coesa para o consumidor, seja ele um empres\u00e1rio, um influenciador ou um cliente final.&nbsp;<\/p>\n\n\n\n<p>Para que essa integra\u00e7\u00e3o aconte\u00e7a, cada campanha precisa ser constru\u00edda com um entendimento profundo das caracter\u00edsticas e necessidades dos diferentes p\u00fablicos. No caso de marcas com ambi\u00e7\u00f5es globais, como a <strong>Intelbras<\/strong>, esse processo \u00e9 ainda mais complexo, pois \u00e9 necess\u00e1rio ajustar a comunica\u00e7\u00e3o de forma que atenda tanto ao mercado local quanto aos mercados internacionais, sempre mantendo a consist\u00eancia de mensagem.&nbsp;<\/p>\n\n\n\n<div style=\"height:50px\" aria-hidden=\"true\" class=\"wp-block-spacer\"><\/div>\n\n\n\n<h2 class=\"wp-block-heading\"><strong>Case Intelbras: integrando comunica\u00e7\u00e3o para diversos p\u00fablicos<\/strong>&nbsp;<\/h2>\n\n\n\n<figure class=\"wp-block-video\"><video height=\"1080\" style=\"aspect-ratio: 1920 \/ 1080;\" width=\"1920\" controls src=\"https:\/\/anacouto.com.br\/wp-content\/uploads\/2025\/11\/Intelbras-EMPRESARIAL-30-fullHd.mp4\"><\/video><figcaption class=\"wp-element-caption\">Campanha &#8216;Surpreender \u00e9 nossa tecnologia&#8217; para Intelbras, por anacouto<\/figcaption><\/figure>\n\n\n\n<p>A <strong>Intelbras<\/strong> \u00e9 um exemplo claro de como uma marca pode integrar suas campanhas e estrat\u00e9gias de comunica\u00e7\u00e3o para diferentes p\u00fablicos, mantendo a consist\u00eancia e alinhamento entre suas frentes B2B e B2C. A empresa tem se destacado ao adaptar suas campanhas para grandes projetos, pequenas e m\u00e9dias empresas, e tamb\u00e9m para o varejo, com uma estrat\u00e9gia de comunica\u00e7\u00e3o que atravessa diferentes camadas e nichos de mercado.&nbsp;<\/p>\n\n\n\n<p>Por exemplo, enquanto a comunica\u00e7\u00e3o voltada para grandes projetos B2B pode focar em solu\u00e7\u00f5es tecnol\u00f3gicas avan\u00e7adas e benef\u00edcios de longo prazo, as campanhas voltadas para o consumidor final precisam ser mais acess\u00edveis e destacarem a praticidade e o impacto imediato dos produtos. A<strong> Intelbras<\/strong> consegue unir esses mundos ao ter uma plataforma de branding s\u00f3lida, que sustenta todas as campanhas e garante que, embora os p\u00fablicos sejam diferentes, possui <strong>territ\u00f3rios de comunica\u00e7\u00e3o e narrativas<\/strong> estrategicamente integradas.\u00a0<\/p>\n\n\n\n<p>Confira as \u00faltimas campanhas de Intelbras produzidas pela ag\u00eancia anacouto: <a href=\"https:\/\/anacouto.com.br\/cases\/intelbras-campanha-do-seu-jeito\/\">Do Seu Jeito<\/a> (varejo), <a href=\"https:\/\/anacouto.com.br\/cases\/intelbras\/\">Surpreender \u00e9 nossa tecnologia<\/a> (B2B, pequenos e m\u00e9dios empreendedores), <a href=\"https:\/\/anacouto.com.br\/cases\/intelbras-grandes-projetos\/\">Grandes Projetos<\/a> (B2G). <\/p>\n\n\n\n<div style=\"height:50px\" aria-hidden=\"true\" class=\"wp-block-spacer\"><\/div>\n\n\n\n<h2 class=\"wp-block-heading\"><strong>A import\u00e2ncia da coer\u00eancia na comunica\u00e7\u00e3o multi-p\u00fablico<\/strong>&nbsp;<\/h2>\n\n\n\n<p>Uma comunica\u00e7\u00e3o eficaz para m\u00faltiplos p\u00fablicos exige, acima de tudo, coer\u00eancia. Isso significa que, independentemente do p\u00fablico-alvo, a marca precisa entregar a mesma mensagem central, apenas ajustada para as particularidades de cada segmento. A proposta de valor de cada produto deve ser claramente definida e refletida de forma consistente em todos os pontos de contato, desde grandes projetos empresariais at\u00e9 as campanhas focadas no consumidor.&nbsp;<\/p>\n\n\n\n<p>Por exemplo, ao comunicar suas solu\u00e7\u00f5es para o mercado B2B, a Intelbras enfatiza a seguran\u00e7a e a inova\u00e7\u00e3o tecnol\u00f3gica de seus produtos. J\u00e1 no mercado B2C, a marca foca em benef\u00edcios mais imediatos e acess\u00edveis, como a facilidade de uso e o custo-benef\u00edcio. No entanto, ambos os p\u00fablicos compartilham a mesma proposta de valor essencial: qualidade e confiabilidade.&nbsp;<\/p>\n\n\n\n<div style=\"height:50px\" aria-hidden=\"true\" class=\"wp-block-spacer\"><\/div>\n\n\n\n<h2 class=\"wp-block-heading\"><strong>O framework de comunica\u00e7\u00e3o conectado e a gest\u00e3o de portf\u00f3lio<\/strong>&nbsp;<\/h2>\n\n\n\n<p>No cen\u00e1rio atual, onde as marcas precisam se comunicar com p\u00fablicos diversos, \u00e9 fundamental que cada ponto de contato com o cliente seja cuidadosamente planejado e integrado. Um <strong><a href=\"https:\/\/anacouto.com.br\/comunicacao-branding\/\">framework de comunica\u00e7\u00e3o<\/a><\/strong> conectado \u00e9 o que permite que isso aconte\u00e7a de forma eficaz, criando uma rede que liga todos os elementos da marca, desde sua identidade at\u00e9 as campanhas e produtos.&nbsp;<\/p>\n\n\n\n<p>A <strong>gest\u00e3o de portf\u00f3lio<\/strong>, por sua vez, ajuda a definir claramente a proposta de valor de cada produto ou servi\u00e7o, garantindo que todos os itens do portf\u00f3lio se conectem com o prop\u00f3sito da marca. Ao adotar uma <strong>plataforma de branding<\/strong> s\u00f3lida, um <strong>framework de comunica\u00e7\u00e3o<\/strong> estrat\u00e9gico e uma <strong>gest\u00e3o de portf\u00f3lio<\/strong> intencional, as marcas podem criar campanhas que falam diretamente com diferentes p\u00fablicos, de maneira consistente e propriet\u00e1ria.<\/p>\n\n\n\n<div style=\"height:50px\" aria-hidden=\"true\" class=\"wp-block-spacer\"><\/div>\n\n\n\n<h2 class=\"wp-block-heading\"><strong>Conclus\u00e3o: a constru\u00e7\u00e3o de valor em um mundo conectado<\/strong>&nbsp;<\/h2>\n\n\n\n<p>Em 2026, as organiza\u00e7\u00f5es que buscam expandir sua presen\u00e7a global e manter sua relev\u00e2ncia nos mercados B2B e B2C precisam adotar uma <strong>gest\u00e3o de branding e comunica\u00e7\u00e3o integrada<\/strong> que favore\u00e7a a integra\u00e7\u00e3o entre suas diversas frentes de comunica\u00e7\u00e3o. Para garantir o sucesso de campanhas multi-p\u00fablico, \u00e9 essencial que as marcas criem plataformas de branding conectadas, onde cada ponto de contato seja pensado para entregar uma proposta de valor clara e consistente.&nbsp;<\/p>\n\n\n\n<p>Usando o exemplo de empresas como a <strong>Intelbras<\/strong>, vemos como a constru\u00e7\u00e3o de um ecossistema n\u00e3o s\u00f3 melhora a consist\u00eancia da comunica\u00e7\u00e3o, mas tamb\u00e9m potencializa os resultados das campanhas, seja para grandes projetos, empreendedores locais ou consumidores finais. Marcas que sabem integrar suas estrat\u00e9gias de comunica\u00e7\u00e3o estar\u00e3o preparadas para enfrentar os desafios de um mercado global cada vez mais complexo e din\u00e2mico.&nbsp;<\/p>\n\n\n\n<div style=\"height:50px\" aria-hidden=\"true\" class=\"wp-block-spacer\"><\/div>\n\n\n\n<h3 class=\"wp-block-heading\"><strong>Quer impulsionar a sua gest\u00e3o de branding e comunica\u00e7\u00e3o?<\/strong><\/h3>\n\n\n\n<p>Somos uma <strong>ag\u00eancia de branding e comunica\u00e7\u00e3o<\/strong> que une o <strong>poder criativo<\/strong> ao <strong>poder do neg\u00f3cio<\/strong>. Constru\u00edmos estrat\u00e9gias integradas para atender os principais ecossistemas de marcas brasileiras que est\u00e3o expandindo globalmente. Entre em contato com nosso time e entenda a melhor solu\u00e7\u00e3o para gerar resultados concretos para o seu neg\u00f3cio.<\/p>\n\n\n\n<div class=\"wp-block-buttons is-layout-flex wp-block-buttons-is-layout-flex\">\n<div class=\"wp-block-button\"><a class=\"wp-block-button__link has-white-color has-text-color has-link-color wp-element-button\" href=\"https:\/\/anacouto.com.br\/comunicacao-branding\/\">Conhe\u00e7a nossos servi\u00e7os de comunica\u00e7\u00e3o<\/a><\/div>\n<\/div>\n\n\n\n<p><\/p>","protected":false},"excerpt":{"rendered":"<p>Organiza\u00e7\u00f5es que possuem diferentes marcas e produtos em seu portf\u00f3lio precisam cada vez mais construir uma gest\u00e3o integrada: da estrat\u00e9gia \u00e0 execu\u00e7\u00e3o. Nos \u00faltimos anos, as organiza\u00e7\u00f5es com ambi\u00e7\u00f5es globais, bem como aquelas que atendem ao mercado B2B e B2C, enfrentam o desafio de criar campanhas de comunica\u00e7\u00e3o mais conectadas e eficazes. As empresas precisam [&hellip;]<\/p>\n","protected":false},"author":15,"featured_media":20487,"comment_status":"open","ping_status":"closed","sticky":false,"template":"","format":"standard","meta":{"footnotes":""},"categories":[1],"tags":[],"class_list":["post-20483","post","type-post","status-publish","format-standard","has-post-thumbnail","hentry","category-uncategorized"],"_links":{"self":[{"href":"https:\/\/anacouto.com.br\/en\/wp-json\/wp\/v2\/posts\/20483","targetHints":{"allow":["GET"]}}],"collection":[{"href":"https:\/\/anacouto.com.br\/en\/wp-json\/wp\/v2\/posts"}],"about":[{"href":"https:\/\/anacouto.com.br\/en\/wp-json\/wp\/v2\/types\/post"}],"author":[{"embeddable":true,"href":"https:\/\/anacouto.com.br\/en\/wp-json\/wp\/v2\/users\/15"}],"replies":[{"embeddable":true,"href":"https:\/\/anacouto.com.br\/en\/wp-json\/wp\/v2\/comments?post=20483"}],"version-history":[{"count":25,"href":"https:\/\/anacouto.com.br\/en\/wp-json\/wp\/v2\/posts\/20483\/revisions"}],"predecessor-version":[{"id":20523,"href":"https:\/\/anacouto.com.br\/en\/wp-json\/wp\/v2\/posts\/20483\/revisions\/20523"}],"wp:featuredmedia":[{"embeddable":true,"href":"https:\/\/anacouto.com.br\/en\/wp-json\/wp\/v2\/media\/20487"}],"wp:attachment":[{"href":"https:\/\/anacouto.com.br\/en\/wp-json\/wp\/v2\/media?parent=20483"}],"wp:term":[{"taxonomy":"category","embeddable":true,"href":"https:\/\/anacouto.com.br\/en\/wp-json\/wp\/v2\/categories?post=20483"},{"taxonomy":"post_tag","embeddable":true,"href":"https:\/\/anacouto.com.br\/en\/wp-json\/wp\/v2\/tags?post=20483"}],"curies":[{"name":"wp","href":"https:\/\/api.w.org\/{rel}","templated":true}]}}