{"id":18966,"date":"2025-04-08T15:16:46","date_gmt":"2025-04-08T18:16:46","guid":{"rendered":"https:\/\/anacouto.com.br\/?p=18966"},"modified":"2025-05-26T15:24:54","modified_gmt":"2025-05-26T18:24:54","slug":"cannes-lions-sxsw-e-creator-economy-o-poder-do-branding-e-da-criatividade-brasileira","status":"publish","type":"post","link":"https:\/\/anacouto.com.br\/en\/artigos\/2025\/04\/08\/cannes-lions-sxsw-e-creator-economy-o-poder-do-branding-e-da-criatividade-brasileira\/","title":{"rendered":"Cannes Lions, SXSW e Creator Economy: o poder do branding e da criatividade brasileira"},"content":{"rendered":"<h4 class=\"wp-block-heading\"><em>Do Cannes Lions ao Oscar, passando pela Creator Economy: como o branding e a criatividade brasileira est\u00e3o moldando a economia global<\/em><\/h4>\n\n\n\n<div style=\"height:20px\" aria-hidden=\"true\" class=\"wp-block-spacer\"><\/div>\n\n\n\n<p>J\u00e1 parou para pensar que a <strong>criatividade brasileira <\/strong>n\u00e3o \u00e9 apenas expressiva, mas tamb\u00e9m estruturante? Dados que revelam que <strong>3,11% do PIB vem da economia criativa<\/strong> e que <strong>83% dos brasileiros t\u00eam orgulho da pr\u00f3pria cultura <\/strong>mostram como essa pot\u00eancia movimenta a economia, alimenta narrativas e sustenta marcas. O mundo consome nossa m\u00fasica, nossa moda, nossa est\u00e9tica \u2014 e agora, tamb\u00e9m a nossa estrat\u00e9gia.<\/p>\n\n\n\n<p>A partir dessa reflex\u00e3o, \u00e9 importante ressaltar que a<strong> brasilidade <\/strong>n\u00e3o \u00e9 um briefing de campanha, mas uma <strong>lente estrat\u00e9gica capaz de gerar diferencia\u00e7\u00e3o real<\/strong>. Marcas como <strong>Havaianas<\/strong>, <strong>Dengo<\/strong> e <strong>Granado<\/strong> n\u00e3o vendem apenas produtos \u2014 elas constroem sentido a partir de quem s\u00e3o e de onde v\u00eam.<\/p>\n\n\n\n<p>Neste artigo, propomos reflex\u00f5es sobre como organiza\u00e7\u00f5es que se ancoram em seu <strong>prop\u00f3sito<\/strong>, captam o <strong>contexto cultural <\/strong>e transformam o <strong>branding<\/strong> em um ativo estrat\u00e9gico v\u00eam conquistando relev\u00e2ncia pelo mundo. E mais: vamos explorar como essa diferencia\u00e7\u00e3o se transforma em vantagem competitiva, destacando as organiza\u00e7\u00f5es brasileiras e ampliando suas conex\u00f5es com o p\u00fablico globalmente.<\/p>\n\n\n\n<p>Vamos juntos?<\/p>\n\n\n\n<div style=\"height:30px\" aria-hidden=\"true\" class=\"wp-block-spacer\"><\/div>\n\n\n\n<h2 class=\"wp-block-heading\"><strong>Brasil Criativo: uma pot\u00eancia al\u00e9m da economia<\/strong><\/h2>\n\n\n\n<figure class=\"wp-block-image size-large\"><img fetchpriority=\"high\" decoding=\"async\" width=\"1024\" height=\"596\" src=\"https:\/\/anacouto.com.br\/wp-content\/uploads\/2025\/03\/EAeacDuY-brasil-criativo-cannes-abre-promoview-1024x596.webp\" alt=\"\" class=\"wp-image-18970\" srcset=\"https:\/\/anacouto.com.br\/wp-content\/uploads\/2025\/03\/EAeacDuY-brasil-criativo-cannes-abre-promoview-1024x596.webp 1024w, https:\/\/anacouto.com.br\/wp-content\/uploads\/2025\/03\/EAeacDuY-brasil-criativo-cannes-abre-promoview-300x175.webp 300w, https:\/\/anacouto.com.br\/wp-content\/uploads\/2025\/03\/EAeacDuY-brasil-criativo-cannes-abre-promoview-768x447.webp 768w, https:\/\/anacouto.com.br\/wp-content\/uploads\/2025\/03\/EAeacDuY-brasil-criativo-cannes-abre-promoview-18x10.webp 18w, https:\/\/anacouto.com.br\/wp-content\/uploads\/2025\/03\/EAeacDuY-brasil-criativo-cannes-abre-promoview.webp 1320w\" sizes=\"(max-width: 1024px) 100vw, 1024px\" \/><\/figure>\n\n\n\n<h6 class=\"wp-block-heading\">Imagem: Divulga\u00e7\u00e3o Cannes Lions<\/h6>\n\n\n\n<div style=\"height:20px\" aria-hidden=\"true\" class=\"wp-block-spacer\"><\/div>\n\n\n\n<p>As organiza\u00e7\u00f5es t\u00eam um papel fundamental no mundo n\u00e3o somente para a economia, mas para o <strong>fortalecimento das culturas <\/strong>e da <strong>mobiliza\u00e7\u00e3o social<\/strong>. Quando uma organiza\u00e7\u00e3o tem clareza sobre o seu <strong>papel no mundo<\/strong> e define o seu <strong>prop\u00f3sito<\/strong>, ela \u00e9 capaz de construir ecossistemas e assim contribuir e compartilhar impactos positivos. E \u00e9 a\u00ed que trazemos o <strong>branding como o centro da gest\u00e3o<\/strong>: a disciplina que vai alinhar tudo o que ela <strong>\u00c9, FAZ e FALA<\/strong>. Quando a sua criatividade e o seu talento est\u00e3o \u00e0 disposi\u00e7\u00e3o do mundo de maneira genu\u00edna e estrat\u00e9gica, \u00e9 que a sua pot\u00eancia pode ser, de fato, impulsionada.<\/p>\n\n\n\n<p>No m\u00eas de mar\u00e7o de 2025, celebramos um marco que aponta que as organiza\u00e7\u00f5es brasileiras est\u00e3o caminhando para essa evolu\u00e7\u00e3o: o Brasil recebeu o primeiro pr\u00eamio de <strong>&#8216;Pa\u00eds Criativo do Ano&#8217; <\/strong>no <strong>Festival Cannes Lions 2025<\/strong>. O reconhecimento internacional n\u00e3o s\u00f3 destaca nosso pa\u00eds como um hub criativo potente, mas como a nossa riqueza cultural molda percep\u00e7\u00f5es, comportamentos, narrativas e segue inspirando novas abordagens no mercado publicit\u00e1rio. <\/p>\n\n\n\n<p>A <strong>economia criativa brasileira<\/strong> continua crescendo. Segundo dados da WARC, estima-se que o investimento publicit\u00e1rio brasileiro cres\u00e7a 7,9% em 2025, atingindo R$ 92,5 bilh\u00f5es. O pa\u00eds tamb\u00e9m lan\u00e7ou o \u201cBrasil Criativo\u201d, um conjunto de diretrizes para a Pol\u00edtica Nacional de Economia Criativa, por meio da qual o Minist\u00e9rio da Cultura busca solidificar a economia criativa como motor estrat\u00e9gico para o <strong>avan\u00e7o social<\/strong>, <strong>econ\u00f4mico<\/strong> e <strong>cultural <\/strong>do pa\u00eds. (Fonte: B9)<\/p>\n\n\n\n<div style=\"height:20px\" aria-hidden=\"true\" class=\"wp-block-spacer\"><\/div>\n\n\n\n<h6 class=\"wp-block-heading\"><\/h6>\n\n\n\n<figure class=\"wp-block-image size-large\"><img decoding=\"async\" width=\"1024\" height=\"569\" src=\"https:\/\/anacouto.com.br\/wp-content\/uploads\/2025\/04\/Banner-news-18-1024x569.png\" alt=\"\" class=\"wp-image-19065\" srcset=\"https:\/\/anacouto.com.br\/wp-content\/uploads\/2025\/04\/Banner-news-18-1024x569.png 1024w, https:\/\/anacouto.com.br\/wp-content\/uploads\/2025\/04\/Banner-news-18-300x167.png 300w, https:\/\/anacouto.com.br\/wp-content\/uploads\/2025\/04\/Banner-news-18-768x427.png 768w, https:\/\/anacouto.com.br\/wp-content\/uploads\/2025\/04\/Banner-news-18-18x10.png 18w, https:\/\/anacouto.com.br\/wp-content\/uploads\/2025\/04\/Banner-news-18.png 1500w\" sizes=\"(max-width: 1024px) 100vw, 1024px\" \/><\/figure>\n\n\n\n<h6 class=\"wp-block-heading\">Imagem: Ag\u00eancia Brasil<\/h6>\n\n\n\n<div style=\"height:20px\" aria-hidden=\"true\" class=\"wp-block-spacer\"><\/div>\n\n\n\n<p>Esses marcos que temos presenciado refor\u00e7am nossa capacidade de criar, recriar e inovar constantemente para ir al\u00e9m da simples cadeia de produtos-consumidores. Eles evidenciam nossa habilidade de criar <strong>experi\u00eancias memor\u00e1veis<\/strong>, <strong>narrativas que encantam<\/strong> e <strong>comunidades engajadas<\/strong>, atuando em prol de uma abordagem voltada para a<strong> vis\u00e3o de ecossistema<\/strong>. Esse sentimento de pertencimento, o orgulho brasileiro e o esp\u00edrito de colabora\u00e7\u00e3o revelam uma pot\u00eancia em nosso DNA que ainda pode \u2013 e merece \u2013 ser impulsionada.<\/p>\n\n\n\n<p>\u00c9 nesse cen\u00e1rio que organiza\u00e7\u00f5es brasileiras ganham o mundo: apropriando-se do seu DNA local, mas evoluindo com o contexto global. E poucas traduzem t\u00e3o bem esse movimento de diferencia\u00e7\u00e3o e impacto no mundo quanto a <strong>Havaianas<\/strong>. Vamos explorar como esse \u00edcone constr\u00f3i um <strong>branding ic\u00f4nico<\/strong>?<\/p>\n\n\n\n<div style=\"height:30px\" aria-hidden=\"true\" class=\"wp-block-spacer\"><\/div>\n\n\n\n<h2 class=\"wp-block-heading\"><strong>Havaianas: o \u00edcone brasileiro com um novo posicionamento global<\/strong><\/h2>\n\n\n\n<figure class=\"wp-block-image size-large\"><img decoding=\"async\" width=\"1024\" height=\"559\" src=\"https:\/\/anacouto.com.br\/wp-content\/uploads\/2025\/04\/17-2048x1117-1-1024x559.png\" alt=\"\" class=\"wp-image-19019\" srcset=\"https:\/\/anacouto.com.br\/wp-content\/uploads\/2025\/04\/17-2048x1117-1-1024x559.png 1024w, https:\/\/anacouto.com.br\/wp-content\/uploads\/2025\/04\/17-2048x1117-1-300x164.png 300w, https:\/\/anacouto.com.br\/wp-content\/uploads\/2025\/04\/17-2048x1117-1-768x419.png 768w, https:\/\/anacouto.com.br\/wp-content\/uploads\/2025\/04\/17-2048x1117-1-1536x838.png 1536w, https:\/\/anacouto.com.br\/wp-content\/uploads\/2025\/04\/17-2048x1117-1-18x10.png 18w, https:\/\/anacouto.com.br\/wp-content\/uploads\/2025\/04\/17-2048x1117-1.png 2048w\" sizes=\"(max-width: 1024px) 100vw, 1024px\" \/><\/figure>\n\n\n\n<h6 class=\"wp-block-heading\">Imagem: Case anacouto para Havaianas, janeiro 2025<\/h6>\n\n\n\n<div style=\"height:20px\" aria-hidden=\"true\" class=\"wp-block-spacer\"><\/div>\n\n\n\n<p><strong>Havaianas<\/strong> \u00e9 mais do que uma marca \u2014 \u00e9 um <strong>\u00edcone global com alma brasileira<\/strong>. Uma das mais amadas pelos brasileiros, que cresceu com propagandas ic\u00f4nicas e frases inesquec\u00edveis como<em> \u201ctodo mundo usa\u201d<\/em>, agora est\u00e1 se consolidando no mercado global. Mas como preservar sua ess\u00eancia tropical e irreverente ao disputar espa\u00e7o com grandes nomes do universo <em>fashion<\/em>?<\/p>\n\n\n\n<p>A resposta est\u00e1 no <strong>branding estrat\u00e9gico<\/strong>. No recente case realizado pelo nosso time de cria\u00e7\u00e3o, tivemos como ponto de partida uma pergunta simples, mas poderosa: <strong>qual a &#8220;<em>fashion vision<\/em>&#8221; de Havaianas<\/strong>? Com objetivo de consolidar a marca com um posicionamento mais premium fora do Brasil, a nova estrat\u00e9gia n\u00e3o abandona sua origem \u2014 pelo contr\u00e1rio: valoriza a <strong>brasilidade como diferencial competitivo<\/strong>. O desafio era desenvolver um sistema visual e flex\u00edvel, mas que refor\u00e7a a sua assinatura brasileira sofisticada. Como disse <strong>Maria Fernanda Albuquerque, VP Global de Marketing da Havaianas:<\/strong><\/p>\n\n\n\n<p><em>\u201cPara muitos, a brasilidade \u00e9 um posicionamento. Para a Havaianas, \u00e9 a personalidade. N\u00e3o \u00e9 apenas sobre o que somos, mas sobre como nos expressamos.\u201d<\/em><\/p>\n\n\n\n<div style=\"height:20px\" aria-hidden=\"true\" class=\"wp-block-spacer\"><\/div>\n\n\n\n<h3 class=\"wp-block-heading\"><strong>Branding estrat\u00e9gico: a cria\u00e7\u00e3o de um sistema visual flex\u00edvel e aut\u00eantico<\/strong><\/h3>\n\n\n\n<p>A <strong>estrat\u00e9gia de branding da Havaianas<\/strong> se sustenta em seu prop\u00f3sito de<em> \u201clevar a alegria de viver do brasileiro\u201d<\/em>. No cora\u00e7\u00e3o desse reposicionamento est\u00e1 a <strong>Ginga Brasileira<\/strong>, uma nova perspectiva de moda que traduz a ess\u00eancia da marca para o cen\u00e1rio global. Essa vis\u00e3o se materializa em um sistema de identidade que equilibra cores vibrantes, leveza e atitude, criando um <strong>universo visual e verbal<\/strong> que transmite a espontaneidade e o calor do Brasil.<\/p>\n\n\n\n<blockquote class=\"wp-block-quote is-layout-flow wp-block-quote-is-layout-flow\">\n<p>\u201cO desafio era capturar a vis\u00e3o propriet\u00e1ria de moda da Havaianas, preservando sua originalidade. A \u2018Ginga Brasileira\u2019 nasceu desse movimento \u2013 um equil\u00edbrio entre o calor tropical das cores, a fluidez das formas e a alma brasileira, criando um universo visual pulsante e inconfund\u00edvel da Havaianas\u201d, explica <strong>Danilo Cid, s\u00f3cio VP de Cria\u00e7\u00e3o da anacouto<\/strong>.<\/p>\n<\/blockquote>\n\n\n\n<p>A <strong>assinatura da marca <\/strong>foi refinada para unir descontra\u00e7\u00e3o e tropicalidade com o n\u00edvel de acabamento exigido pelo mercado premium. O resultado \u00e9 um posicionamento que consolida Havaianas como um <em>lifestyle<\/em> desejado globalmente.<\/p>\n\n\n\n<p>Clique aqui e confira o case completo.<\/p>\n\n\n\n<div style=\"height:30px\" aria-hidden=\"true\" class=\"wp-block-spacer\"><\/div>\n\n\n\n<h2 class=\"wp-block-heading\"><strong>SXSW 2025 e a Creator Economy: a expans\u00e3o do mercado de influ\u00eancia<\/strong><\/h2>\n\n\n\n<figure class=\"wp-block-image size-large\"><img loading=\"lazy\" decoding=\"async\" width=\"1024\" height=\"570\" src=\"https:\/\/anacouto.com.br\/wp-content\/uploads\/2025\/04\/Banner-news-19-1024x570.png\" alt=\"\" class=\"wp-image-19066\" srcset=\"https:\/\/anacouto.com.br\/wp-content\/uploads\/2025\/04\/Banner-news-19-1024x570.png 1024w, https:\/\/anacouto.com.br\/wp-content\/uploads\/2025\/04\/Banner-news-19-300x167.png 300w, https:\/\/anacouto.com.br\/wp-content\/uploads\/2025\/04\/Banner-news-19-768x427.png 768w, https:\/\/anacouto.com.br\/wp-content\/uploads\/2025\/04\/Banner-news-19-1536x854.png 1536w, https:\/\/anacouto.com.br\/wp-content\/uploads\/2025\/04\/Banner-news-19-18x10.png 18w, https:\/\/anacouto.com.br\/wp-content\/uploads\/2025\/04\/Banner-news-19.png 1600w\" sizes=\"(max-width: 1024px) 100vw, 1024px\" \/><\/figure>\n\n\n\n<h6 class=\"wp-block-heading\"><strong>Imagem: Texas Standard<\/strong><\/h6>\n\n\n\n<div style=\"height:20px\" aria-hidden=\"true\" class=\"wp-block-spacer\"><\/div>\n\n\n\n<p>A <strong>criatividade brasileira<\/strong> que conquista o mundo pelas passarelas tamb\u00e9m pulsa nos algoritmos da internet. E n\u00e3o apenas por meio de grandes marcas, mas tamb\u00e9m de criadores que est\u00e3o transformando seus talentos em neg\u00f3cios e influ\u00eancia. No <strong>SXSW 2025<\/strong>, ficou claro que a <strong>Creator Economy<\/strong> atingiu um novo est\u00e1gio de maturidade. Os criadores deixaram de ser \u201cinfluenciadores\u201d para se tornarem marcas pr\u00f3prias. Mentorias, produtos digitais, <em>equity deals<\/em> e comunidades pagas: as fontes de receita se multiplicam \u2014 e a exig\u00eancia por estrat\u00e9gia, tamb\u00e9m.<\/p>\n\n\n\n<p>O investimento publicit\u00e1rio segue essa curva: <strong>86% das empresas nos EUA j\u00e1 usam marketing de influ\u00eancia<\/strong>. Pela primeira vez, os gastos com an\u00fancios em v\u00eddeo social devem ultrapassar os da TV linear. Pesquisa do Goldman Sachs revela que <strong>o mercado de influ\u00eancia deve movimentar US$ 500 bilh\u00f5es no mundo at\u00e9 2027<\/strong>, com um crescimento anual de 10% a 20% no n\u00famero de criadores de conte\u00fado. No Brasil, l\u00edder mundial em influenciadores no Instagram, h\u00e1 mais de <strong>10,5 milh\u00f5es de criadores com pelo menos mil seguidores<\/strong>, e <strong>500 mil perfis com mais de 10 mil f\u00e3s<\/strong> quando consideradas outras plataformas.<\/p>\n\n\n\n<div style=\"height:20px\" aria-hidden=\"true\" class=\"wp-block-spacer\"><\/div>\n\n\n\n<h2 class=\"wp-block-heading\"><strong>Tend\u00eancias da Creator Economy em 2025<\/strong><\/h2>\n\n\n\n<p>O festival mostrou que nesse novo ciclo, tr\u00eas tend\u00eancias ganham for\u00e7a:<\/p>\n\n\n\n<ol class=\"wp-block-list\">\n<li><strong>IA como copiloto criativo<\/strong> \u2013 automa\u00e7\u00e3o inteligente que libera mais tempo para a ideia.<\/li>\n\n\n\n<li><strong>Diversifica\u00e7\u00e3o de receita<\/strong> \u2013 creators viram empreendedores.<\/li>\n\n\n\n<li><strong>Comunidades s\u00f3lidas<\/strong> \u2013 a profundidade da rela\u00e7\u00e3o vale mais que o alcance num\u00e9rico.<\/li>\n<\/ol>\n\n\n\n<p>Mais do que acompanhar esse movimento, marcas precisam aprender com ele. Como criar presen\u00e7a cont\u00ednua, conte\u00fado real e comunidade verdadeira? Como agir menos como corpora\u00e7\u00f5es e mais como criadores? A Creator Economy \u00e9 sobre <strong>proximidade, consist\u00eancia e confian\u00e7a<\/strong> \u2014 tr\u00eas ingredientes que tamb\u00e9m constroem um branding ic\u00f4nico.<\/p>\n\n\n\n<div style=\"height:30px\" aria-hidden=\"true\" class=\"wp-block-spacer\"><\/div>\n\n\n\n<h2 class=\"wp-block-heading\"><strong>Design como motor de valor: Brasil premiado no iF DESIGN AWARD 2025<\/strong><\/h2>\n\n\n\n<figure class=\"wp-block-image size-large\"><img loading=\"lazy\" decoding=\"async\" width=\"1024\" height=\"570\" src=\"https:\/\/anacouto.com.br\/wp-content\/uploads\/2025\/04\/Banner-news-17-1024x570.png\" alt=\"\" class=\"wp-image-19060\" srcset=\"https:\/\/anacouto.com.br\/wp-content\/uploads\/2025\/04\/Banner-news-17-1024x570.png 1024w, https:\/\/anacouto.com.br\/wp-content\/uploads\/2025\/04\/Banner-news-17-300x167.png 300w, https:\/\/anacouto.com.br\/wp-content\/uploads\/2025\/04\/Banner-news-17-768x427.png 768w, https:\/\/anacouto.com.br\/wp-content\/uploads\/2025\/04\/Banner-news-17-1536x854.png 1536w, https:\/\/anacouto.com.br\/wp-content\/uploads\/2025\/04\/Banner-news-17-18x10.png 18w, https:\/\/anacouto.com.br\/wp-content\/uploads\/2025\/04\/Banner-news-17.png 1600w\" sizes=\"(max-width: 1024px) 100vw, 1024px\" \/><\/figure>\n\n\n\n<h6 class=\"wp-block-heading\">Imagem: iF DESIGN AWARD 2025<\/h6>\n\n\n\n<div style=\"height:20px\" aria-hidden=\"true\" class=\"wp-block-spacer\"><\/div>\n\n\n\n<p>Em fevereiro de 2025, nossa CEO, Ana Couto, participou como jurada do prestigiado <strong>iF DESIGN AWARD<\/strong>, uma das maiores premia\u00e7\u00f5es de design do mundo, com mais de 11 mil inscri\u00e7\u00f5es de mais de 100 pa\u00edses. Al\u00e9m da presen\u00e7a brasileira ter sido marcada pela participa\u00e7\u00e3o de cinco jurados brasileiros (<strong>Ana Couto<\/strong>, <strong>Fernanda Marques<\/strong>, <strong>Bruno Porto<\/strong>, <strong>Guto Requena<\/strong>, <strong>Patrick Speck<\/strong> e <strong>Juliana Buso<\/strong>, Rela\u00e7\u00f5es Internacionais do Centro Brasil Design), a criatividade do Brasil se fez presente entre os premiados, refor\u00e7ando que o branding estrat\u00e9gico transforma criatividade em valor duradouro. Como ag\u00eancia que nasceu do design e hoje atua em toda a jornada de branding, celebramos com entusiasmo os resultados ao lado de marcas que acreditam no poder do design, como <strong>Brastemp<\/strong>, <strong>Stam<\/strong> e <strong>Happy Eggs<\/strong>.<\/p>\n\n\n\n<blockquote class=\"wp-block-quote is-layout-flow wp-block-quote-is-layout-flow\">\n<p>&#8220;Participar, pela segunda vez, foi uma experi\u00eancia enriquecedora, avaliando os melhores projetos e explorando as tend\u00eancias que est\u00e3o moldando o futuro do design&#8221;, comenta Ana, ao lado de 131 especialistas de 23 pa\u00edses.<\/p>\n<\/blockquote>\n\n\n\n<p>Esses cases premiados mostram como o design vai al\u00e9m da est\u00e9tica e se torna uma ferramenta estrat\u00e9gica para fortalecer prop\u00f3sitos, ampliar posicionamentos e impulsionar neg\u00f3cios. Quando o Brasil aposta na criatividade com consist\u00eancia e inten\u00e7\u00e3o, ele n\u00e3o apenas \u00e9 reconhecido \u2014 ele lidera.<\/p>\n\n\n\n<p><a href=\"https:\/\/www.instagram.com\/p\/DHKFDxBJedG\/?img_index=1\">Confira os cases anacouto premiados.<\/a><\/p>\n\n\n\n<div style=\"height:20px\" aria-hidden=\"true\" class=\"wp-block-spacer\"><\/div>\n\n\n\n<h2 class=\"wp-block-heading\"><strong>O Brasil sabe que pode mais \u2014 e a anacouto acelera esse movimento!<\/strong><\/h2>\n\n\n\n<p>Seja em Cannes, no SXSW, nas premia\u00e7\u00f5es de design ou nos feeds das plataformas digitais, o Brasil mostra sua pot\u00eancia criativa ao mundo. Uma pot\u00eancia que n\u00e3o se esgota na est\u00e9tica, mas que se conecta com<strong> prop\u00f3sito<\/strong>, <strong>cultura<\/strong> e<strong> inova\u00e7\u00e3o<\/strong>. \u00c9 esse prop\u00f3sito que move o ecossistema <strong>anacouto<\/strong> h\u00e1 mais de 30 anos: impulsionar o valor de pessoas e organiza\u00e7\u00f5es. Ao lado da <strong>LAJE<\/strong>, nossa plataforma de conte\u00fado e aprendizagem, j\u00e1 impactamos milhares de profissionais e empresas que compartilham da mesma ambi\u00e7\u00e3o \u2014 <strong>gerar valor atrav\u00e9s do conhecimento, da troca e da pr\u00e1tica<\/strong>.<\/p>\n\n\n\n<p>E voc\u00ea, vai acelerar essa<strong> (r)evolu\u00e7\u00e3o do branding<\/strong> no Brasil com a gente? Se quer ficar por dentro das principais novidades do maior ecossistema de branding do Brasil e fazer parte desse movimento, n\u00e3o deixe de acompanhar nossos canais:<\/p>\n\n\n\n<p><strong>anacouto:<\/strong> <a class=\"\" href=\"#\">newsletter<\/a> | <a class=\"\" href=\"#\">instagram<\/a> | <a class=\"\" href=\"#\">linkedin<\/a><br><strong>LAJE:<\/strong> <a class=\"\" href=\"#\">newsletter<\/a> | <a class=\"\" href=\"#\">instagram<\/a> | <a class=\"\" href=\"#\">linkedin<\/a><\/p>\n\n\n\n<div style=\"height:30px\" aria-hidden=\"true\" class=\"wp-block-spacer\"><\/div>\n\n\n\n<h6 class=\"wp-block-heading\"><strong>Escrito por: Bianca Barboni, Anna Montenegro, Beatriz Piunti, Paula Cardoso.<\/strong><\/h6>\n\n\n\n<div style=\"height:50px\" aria-hidden=\"true\" class=\"wp-block-spacer\"><\/div>\n\n\n\n<p class=\"has-black-color has-cyan-bluish-gray-background-color has-text-color has-background has-link-color wp-elements-4852e9707e60b1263f41b2c9a174749c\"><strong>N\u00e3o pare por aqui:<\/strong> Quer saber mais sobre o poder do branding de uma organiza\u00e7\u00e3o brasileira como a Natura? Leia nosso \u00faltimo artigo <a href=\"https:\/\/anacouto.com.br\/artigos\/2025\/03\/07\/branding-e-poder-feminino-os-ingredientes-de-sucesso-da-comunicacao-da-natura\/\">Branding e poder feminino: os ingredientes de sucesso da comunica\u00e7\u00e3o da Natura<\/a><\/p>\n\n\n\n<div style=\"height:50px\" aria-hidden=\"true\" class=\"wp-block-spacer\"><\/div>\n\n\n\n<h3 class=\"wp-block-heading\"><strong>Vamos expandir ideias e impulsionar <br>o valor da sua organiza\u00e7\u00e3o?<\/strong><\/h3>\n\n\n\n<div class=\"wp-block-buttons is-layout-flex wp-block-buttons-is-layout-flex\">\n<div class=\"wp-block-button\"><a class=\"wp-block-button__link has-white-color has-text-color has-link-color wp-element-button\" href=\"https:\/\/anacouto.com.br\/contatos\/\">Fale com nosso time<\/a><\/div>\n<\/div>\n\n\n\n<p><\/p>","protected":false},"excerpt":{"rendered":"<p>Do Cannes Lions ao Oscar, passando pela Creator Economy: como o branding e a criatividade brasileira est\u00e3o moldando a economia global J\u00e1 parou para pensar que a criatividade brasileira n\u00e3o \u00e9 apenas expressiva, mas tamb\u00e9m estruturante? Dados que revelam que 3,11% do PIB vem da economia criativa e que 83% dos brasileiros t\u00eam orgulho da [&hellip;]<\/p>\n","protected":false},"author":15,"featured_media":19089,"comment_status":"open","ping_status":"closed","sticky":false,"template":"","format":"standard","meta":{"footnotes":""},"categories":[7],"tags":[],"class_list":["post-18966","post","type-post","status-publish","format-standard","has-post-thumbnail","hentry","category-artigos"],"_links":{"self":[{"href":"https:\/\/anacouto.com.br\/en\/wp-json\/wp\/v2\/posts\/18966","targetHints":{"allow":["GET"]}}],"collection":[{"href":"https:\/\/anacouto.com.br\/en\/wp-json\/wp\/v2\/posts"}],"about":[{"href":"https:\/\/anacouto.com.br\/en\/wp-json\/wp\/v2\/types\/post"}],"author":[{"embeddable":true,"href":"https:\/\/anacouto.com.br\/en\/wp-json\/wp\/v2\/users\/15"}],"replies":[{"embeddable":true,"href":"https:\/\/anacouto.com.br\/en\/wp-json\/wp\/v2\/comments?post=18966"}],"version-history":[{"count":62,"href":"https:\/\/anacouto.com.br\/en\/wp-json\/wp\/v2\/posts\/18966\/revisions"}],"predecessor-version":[{"id":19094,"href":"https:\/\/anacouto.com.br\/en\/wp-json\/wp\/v2\/posts\/18966\/revisions\/19094"}],"wp:featuredmedia":[{"embeddable":true,"href":"https:\/\/anacouto.com.br\/en\/wp-json\/wp\/v2\/media\/19089"}],"wp:attachment":[{"href":"https:\/\/anacouto.com.br\/en\/wp-json\/wp\/v2\/media?parent=18966"}],"wp:term":[{"taxonomy":"category","embeddable":true,"href":"https:\/\/anacouto.com.br\/en\/wp-json\/wp\/v2\/categories?post=18966"},{"taxonomy":"post_tag","embeddable":true,"href":"https:\/\/anacouto.com.br\/en\/wp-json\/wp\/v2\/tags?post=18966"}],"curies":[{"name":"wp","href":"https:\/\/api.w.org\/{rel}","templated":true}]}}